{"id":7104,"date":"2025-12-01T08:02:26","date_gmt":"2025-12-01T07:02:26","guid":{"rendered":"https:\/\/krajinaziva.sk\/?p=7104"},"modified":"2025-12-01T08:02:28","modified_gmt":"2025-12-01T07:02:28","slug":"ocenili-sme-dalsich-farmarov-hospodariacich-v-sulade-s-prirodou","status":"publish","type":"post","link":"https:\/\/krajinaziva.sk\/en\/ocenili-sme-dalsich-farmarov-hospodariacich-v-sulade-s-prirodou\/","title":{"rendered":"Ocenili sme \u010fal\u0161\u00edch farm\u00e1rov hospod\u00e1riacich v s\u00falade s\u00a0pr\u00edrodou!"},"content":{"rendered":"<p>U\u017e po \u0161tvrt\u00fd raz sme s komisiou pr\u00edrodovedn\u00fdch a po\u013enohospod\u00e1rskych expertov nav\u0161t\u00edvili sedem fariem, ktor\u00fdm sme odovzdali ocenenie \u201e<em>Farma \u017eiv\u00e1 \u2013 hospod\u00e1rime v s\u00falade s pr\u00edrodou<\/em>\u201c. Od roku 2022 v&nbsp;r\u00e1mci programu Krajina \u017eiv\u00e1 n\u00edm oce\u0148ujeme in\u0161pirat\u00edvnych hospod\u00e1rov, ktor\u00ed produkuj\u00fa kvalitn\u00e9 potraviny a z\u00e1rove\u0148 prispievaj\u00fa k ochrane krajiny, biodiverzity \u010di obnove zdravia p\u00f4dy.<\/p>\n\n\n\n<p>Tento ro\u010dn\u00edk bol ve\u013emi \u0161pecifick\u00fd \u2013 epid\u00e9mia slinta\u010dky a kr\u00edva\u010dky obmedzila na\u0161u mo\u017enos\u0165 zaradi\u0165 farmy s vn\u00edmav\u00fdmi hospod\u00e1rskymi zvieratami. \u201e<em>Hoci sme tentokr\u00e1t museli z bezpe\u010dnostn\u00fdch d\u00f4vodov vynecha\u0165 na\u0161u ochran\u00e1rsku srdcovku, pastevn\u00e9 chovy, podarilo sa n\u00e1m do ro\u010dn\u00edka vybra\u0165 sedem skvel\u00fdch fariem, ktor\u00e9 pracuj\u00fa s pr\u00edrode bl\u00edzkymi met\u00f3dami, zachov\u00e1vaj\u00fa rodinn\u00fa trad\u00edciu a nevzd\u00e1vaj\u00fa to ani napriek ne\u013eahk\u00fdm podmienkam v po\u013enohospod\u00e1rskom sektore<\/em>\u201c, hovor\u00ed Karol\u00edna Gelati\u010dov\u00e1, koordin\u00e1torka programu.<\/p>\n\n\n\n<p>Aj tento rok sme oce\u0148ovali farmy r\u00f4znych ve\u013ekost\u00ed, zameran\u00ed a\u00a0pr\u00edstupov k hospod\u00e1reniu. Z v\u00e4\u010d\u0161\u00edch producentov sme vybrali farmu<strong> <a href=\"https:\/\/krajinaziva.sk\/en\/hospodari\/pemak\/\">Pemak<\/a><\/strong> z Patiniec, ktor\u00e1 sa presl\u00e1vila najm\u00e4 pestovan\u00edm maku, no na v\u00fdmere okrem neho pestuje aj obilniny \u010di strukoviny a\u00a0zaklad\u00e1 agrolesn\u00edcke syst\u00e9my. P\u00e9movci sa \u0161pecializuj\u00fa na produkciu, ktor\u00e1 je n\u00edzkoalerg\u00e9nna, ekologick\u00e1 a s\u00fa\u010dasne aj regenerat\u00edvna. Naopak, najmen\u0161\u00edm ocenen\u00fdm subjektom je kvetinov\u00e1 farma<strong> <a href=\"https:\/\/krajinaziva.sk\/en\/hospodari\/la-borinka\/\">La Borinka<\/a><\/strong>, ktor\u00e1 \u0161etrn\u00fdm pestovan\u00edm kvetov vytv\u00e1ra na Z\u00e1hor\u00ed lok\u00e1lny trh v segmente, ktor\u00e9mu prakticky bez konkurencie dominuj\u00fa ve\u013ek\u00ed producenti z Holandska, Afriky \u010di Ju\u017enej Ameriky.<\/p>\n\n\n\n<p>V kopani\u010diarskom regi\u00f3ne sme ocenili <strong><a href=\"https:\/\/krajinaziva.sk\/en\/hospodari\/ovosad-myjava\/\">Ovosad Myjava<\/a><\/strong>, ktor\u00fd ekologicky pestuje \u0161irok\u00fa \u0161k\u00e1lu ovocia a venuje sa aj jeho spracovaniu na d\u017eemy, sirupy, mu\u0161ty \u010di v\u00edna. V ne\u010falekom Moravskom Lieskovom sme objavili netradi\u010dn\u00fd, no mimoriadne in\u0161pirat\u00edvny projekt <strong><a href=\"https:\/\/krajinaziva.sk\/en\/hospodari\/sliepky-z-karavanu\/\">Sliepky z karavanu<\/a><\/strong>. Partneri Bohu\u0161 a Ema tu chovaj\u00fa hydinu \u00faplne vo\u013ene v rozsiahlom lieskovcovom sade a v\u00e4\u010d\u0161inu produkcie vaj\u00ed\u010dok a orechov sprac\u00favaj\u00fa vo svojich dvoch pek\u00e1r\u0148ach v Pie\u0161\u0165anoch.<\/p>\n\n\n\n<p>Tento rok sme ocenili aj dve vin\u00e1rstva. S odbornou komisiou sme zav\u00edtali do <strong><a href=\"https:\/\/krajinaziva.sk\/en\/hospodari\/slobodne-vinarstvo\/\">Slobodn\u00e9ho vin\u00e1rstva<\/a> <\/strong>zo Zemianskych Sadov, kde obnovili rodinn\u00fa vinohradn\u00edcku trad\u00edciu po jej preru\u0161en\u00ed v \u010dasoch neslobody. Po\u010das 15 rokov novodobej existencie postupne pre\u0161li na ekologick\u00e9 a biodynamick\u00e9 pestovanie na 17 hekt\u00e1roch vinohradov a dnes s\u00fa mnoh\u00fdmi pova\u017eovan\u00ed za priekopn\u00edkov natur\u00e1lneho vin\u00e1rstva na Slovensku. S podobn\u00fdm pr\u00edstupom pracuj\u00fa aj v <strong><a href=\"https:\/\/krajinaziva.sk\/en\/hospodari\/rodinne-vinarstvo-kasnyik\/\">rodinnom vin\u00e1rstve Kasnyik<\/a> <\/strong>zo Strekova, ktor\u00e9 od roku 2014 pestuje vini\u010d v ekologickom re\u017eime s cie\u013eom udr\u017eiava\u0165 dlhodob\u00fa \u00farodnos\u0165 a biologick\u00fa aktivitu p\u00f4dy, zachova\u0165 biodiverzitu a celkov\u00fd \u017eivot vo vinohrade.<\/p>\n\n\n\n<p>Sedmi\u010dku ocenen\u00fdch uzatv\u00e1ra <strong><a href=\"https:\/\/krajinaziva.sk\/en\/hospodari\/statok-na-vysinach\/\">Statok na v\u00fd\u0161in\u00e1ch <\/a><\/strong>z L\u00e1tok<strong> <\/strong>na Podpo\u013ean\u00ed, rodinn\u00e1 farma zalo\u017een\u00e1 na permakult\u00farnych princ\u00edpoch, ktor\u00e1 sa zameriava najm\u00e4 na pestovanie levandule a \u010fal\u0161\u00edch byl\u00edn. Man\u017eelia Bannholzerovci ich navy\u0161e sami sprac\u00favaj\u00fa na kozmetick\u00e9 v\u00fdrobky.<\/p>\n\n\n\n<p>V\u0161etky ocenen\u00e9 farmy od n\u00e1s z\u00edskali okrem symbolickej plakety aj mo\u017enos\u0165 pou\u017e\u00edva\u0165 logo \u201e<em>Living farm<\/em>\u201c na svojich v\u00fdrobkoch a dlhodob\u00fa propag\u00e1ciu prostredn\u00edctvom programu Krajina \u017eiv\u00e1. V \u0148om okrem oce\u0148ovania rozv\u00edjame prep\u00e1janie farm\u00e1rov s podobn\u00fdm pr\u00edrode bl\u00edzkym pr\u00edstupom \u010di vz\u00e1jomn\u00e9 vzdel\u00e1vanie prostredn\u00edctvom odborn\u00fdch semin\u00e1rov a konferenci\u00ed.<\/p>\n\n\n\n<p>Detailnej\u0161ie inform\u00e1cie o ocenen\u00fdch farm\u00e1ch, mapu zodpovedn\u00fdch hospod\u00e1rov \u010di z\u00e1znamy zo vzdel\u00e1vac\u00edch aktiv\u00edt n\u00e1jdete na port\u00e1li <a href=\"https:\/\/krajinaziva.sk\/en\/\">www.krajinaziva.sk<\/a>. Program Krajina \u017eiv\u00e1 finan\u010dne podporila V\u00daB banka a Eur\u00f3pska \u00fania prostredn\u00edctvom viacer\u00fdch projektov LIFE.<\/p>\n\n\n\n<figure class=\"wp-block-gallery has-nested-images columns-default is-cropped wp-block-gallery-1 is-layout-flex wp-block-gallery-is-layout-flex\">\n<figure class=\"wp-block-image size-large\"><img fetchpriority=\"high\" decoding=\"async\" width=\"1024\" height=\"683\" data-id=\"7106\" src=\"https:\/\/krajinaziva.sk\/wp-content\/uploads\/2025\/11\/La_Borinka-1024x683.jpg\" alt=\"\" class=\"wp-image-7106\" srcset=\"https:\/\/krajinaziva.sk\/wp-content\/uploads\/2025\/11\/La_Borinka-1024x683.jpg 1024w, https:\/\/krajinaziva.sk\/wp-content\/uploads\/2025\/11\/La_Borinka-300x200.jpg 300w, https:\/\/krajinaziva.sk\/wp-content\/uploads\/2025\/11\/La_Borinka-768x512.jpg 768w, https:\/\/krajinaziva.sk\/wp-content\/uploads\/2025\/11\/La_Borinka-1536x1024.jpg 1536w, https:\/\/krajinaziva.sk\/wp-content\/uploads\/2025\/11\/La_Borinka-18x12.jpg 18w, https:\/\/krajinaziva.sk\/wp-content\/uploads\/2025\/11\/La_Borinka-370x247.jpg 370w, https:\/\/krajinaziva.sk\/wp-content\/uploads\/2025\/11\/La_Borinka-770x513.jpg 770w, https:\/\/krajinaziva.sk\/wp-content\/uploads\/2025\/11\/La_Borinka-1170x780.jpg 1170w, https:\/\/krajinaziva.sk\/wp-content\/uploads\/2025\/11\/La_Borinka.jpg 1620w\" sizes=\"(max-width: 1024px) 100vw, 1024px\" \/><\/figure>\n\n\n\n<figure class=\"wp-block-image size-large\"><img decoding=\"async\" width=\"1024\" height=\"683\" data-id=\"7107\" src=\"https:\/\/krajinaziva.sk\/wp-content\/uploads\/2025\/11\/Ovosad_Myjava-1024x683.jpg\" alt=\"\" class=\"wp-image-7107\" srcset=\"https:\/\/krajinaziva.sk\/wp-content\/uploads\/2025\/11\/Ovosad_Myjava-1024x683.jpg 1024w, https:\/\/krajinaziva.sk\/wp-content\/uploads\/2025\/11\/Ovosad_Myjava-300x200.jpg 300w, https:\/\/krajinaziva.sk\/wp-content\/uploads\/2025\/11\/Ovosad_Myjava-768x512.jpg 768w, https:\/\/krajinaziva.sk\/wp-content\/uploads\/2025\/11\/Ovosad_Myjava-1536x1024.jpg 1536w, https:\/\/krajinaziva.sk\/wp-content\/uploads\/2025\/11\/Ovosad_Myjava-18x12.jpg 18w, https:\/\/krajinaziva.sk\/wp-content\/uploads\/2025\/11\/Ovosad_Myjava-370x247.jpg 370w, https:\/\/krajinaziva.sk\/wp-content\/uploads\/2025\/11\/Ovosad_Myjava-770x513.jpg 770w, https:\/\/krajinaziva.sk\/wp-content\/uploads\/2025\/11\/Ovosad_Myjava-1170x780.jpg 1170w, https:\/\/krajinaziva.sk\/wp-content\/uploads\/2025\/11\/Ovosad_Myjava.jpg 1620w\" sizes=\"(max-width: 1024px) 100vw, 1024px\" \/><\/figure>\n\n\n\n<figure class=\"wp-block-image size-large\"><img decoding=\"async\" width=\"1024\" height=\"683\" data-id=\"7111\" src=\"https:\/\/krajinaziva.sk\/wp-content\/uploads\/2025\/11\/Sliepky_z_karavanu-1024x683.jpg\" alt=\"\" class=\"wp-image-7111\" srcset=\"https:\/\/krajinaziva.sk\/wp-content\/uploads\/2025\/11\/Sliepky_z_karavanu-1024x683.jpg 1024w, https:\/\/krajinaziva.sk\/wp-content\/uploads\/2025\/11\/Sliepky_z_karavanu-300x200.jpg 300w, https:\/\/krajinaziva.sk\/wp-content\/uploads\/2025\/11\/Sliepky_z_karavanu-768x512.jpg 768w, https:\/\/krajinaziva.sk\/wp-content\/uploads\/2025\/11\/Sliepky_z_karavanu-1536x1025.jpg 1536w, https:\/\/krajinaziva.sk\/wp-content\/uploads\/2025\/11\/Sliepky_z_karavanu-18x12.jpg 18w, https:\/\/krajinaziva.sk\/wp-content\/uploads\/2025\/11\/Sliepky_z_karavanu-370x247.jpg 370w, https:\/\/krajinaziva.sk\/wp-content\/uploads\/2025\/11\/Sliepky_z_karavanu-770x513.jpg 770w, https:\/\/krajinaziva.sk\/wp-content\/uploads\/2025\/11\/Sliepky_z_karavanu-1170x780.jpg 1170w, https:\/\/krajinaziva.sk\/wp-content\/uploads\/2025\/11\/Sliepky_z_karavanu.jpg 1619w\" sizes=\"(max-width: 1024px) 100vw, 1024px\" \/><\/figure>\n\n\n\n<figure class=\"wp-block-image size-large\"><img loading=\"lazy\" decoding=\"async\" width=\"1024\" height=\"684\" data-id=\"7109\" src=\"https:\/\/krajinaziva.sk\/wp-content\/uploads\/2025\/11\/Pemak-1024x684.jpg\" alt=\"\" class=\"wp-image-7109\" srcset=\"https:\/\/krajinaziva.sk\/wp-content\/uploads\/2025\/11\/Pemak-1024x684.jpg 1024w, https:\/\/krajinaziva.sk\/wp-content\/uploads\/2025\/11\/Pemak-300x200.jpg 300w, https:\/\/krajinaziva.sk\/wp-content\/uploads\/2025\/11\/Pemak-768x513.jpg 768w, https:\/\/krajinaziva.sk\/wp-content\/uploads\/2025\/11\/Pemak-1536x1025.jpg 1536w, https:\/\/krajinaziva.sk\/wp-content\/uploads\/2025\/11\/Pemak-18x12.jpg 18w, https:\/\/krajinaziva.sk\/wp-content\/uploads\/2025\/11\/Pemak-370x247.jpg 370w, https:\/\/krajinaziva.sk\/wp-content\/uploads\/2025\/11\/Pemak-770x513.jpg 770w, https:\/\/krajinaziva.sk\/wp-content\/uploads\/2025\/11\/Pemak-1170x781.jpg 1170w, https:\/\/krajinaziva.sk\/wp-content\/uploads\/2025\/11\/Pemak.jpg 1618w\" sizes=\"(max-width: 1024px) 100vw, 1024px\" \/><\/figure>\n\n\n\n<figure class=\"wp-block-image size-large\"><img loading=\"lazy\" decoding=\"async\" width=\"1024\" height=\"684\" data-id=\"7110\" src=\"https:\/\/krajinaziva.sk\/wp-content\/uploads\/2025\/11\/Vinarstvo_Kasnik-1024x684.jpg\" alt=\"\" class=\"wp-image-7110\" srcset=\"https:\/\/krajinaziva.sk\/wp-content\/uploads\/2025\/11\/Vinarstvo_Kasnik-1024x684.jpg 1024w, https:\/\/krajinaziva.sk\/wp-content\/uploads\/2025\/11\/Vinarstvo_Kasnik-300x200.jpg 300w, https:\/\/krajinaziva.sk\/wp-content\/uploads\/2025\/11\/Vinarstvo_Kasnik-768x513.jpg 768w, https:\/\/krajinaziva.sk\/wp-content\/uploads\/2025\/11\/Vinarstvo_Kasnik-1536x1025.jpg 1536w, https:\/\/krajinaziva.sk\/wp-content\/uploads\/2025\/11\/Vinarstvo_Kasnik-18x12.jpg 18w, https:\/\/krajinaziva.sk\/wp-content\/uploads\/2025\/11\/Vinarstvo_Kasnik-370x247.jpg 370w, https:\/\/krajinaziva.sk\/wp-content\/uploads\/2025\/11\/Vinarstvo_Kasnik-770x513.jpg 770w, https:\/\/krajinaziva.sk\/wp-content\/uploads\/2025\/11\/Vinarstvo_Kasnik-1170x781.jpg 1170w, https:\/\/krajinaziva.sk\/wp-content\/uploads\/2025\/11\/Vinarstvo_Kasnik.jpg 1618w\" sizes=\"(max-width: 1024px) 100vw, 1024px\" \/><\/figure>\n\n\n\n<figure class=\"wp-block-image size-large\"><img loading=\"lazy\" decoding=\"async\" width=\"1024\" height=\"683\" data-id=\"7108\" src=\"https:\/\/krajinaziva.sk\/wp-content\/uploads\/2025\/11\/Slobodne_vinarstvo-1024x683.jpg\" alt=\"\" class=\"wp-image-7108\" srcset=\"https:\/\/krajinaziva.sk\/wp-content\/uploads\/2025\/11\/Slobodne_vinarstvo-1024x683.jpg 1024w, https:\/\/krajinaziva.sk\/wp-content\/uploads\/2025\/11\/Slobodne_vinarstvo-300x200.jpg 300w, https:\/\/krajinaziva.sk\/wp-content\/uploads\/2025\/11\/Slobodne_vinarstvo-768x512.jpg 768w, https:\/\/krajinaziva.sk\/wp-content\/uploads\/2025\/11\/Slobodne_vinarstvo-1536x1025.jpg 1536w, https:\/\/krajinaziva.sk\/wp-content\/uploads\/2025\/11\/Slobodne_vinarstvo-18x12.jpg 18w, https:\/\/krajinaziva.sk\/wp-content\/uploads\/2025\/11\/Slobodne_vinarstvo-370x247.jpg 370w, https:\/\/krajinaziva.sk\/wp-content\/uploads\/2025\/11\/Slobodne_vinarstvo-770x513.jpg 770w, https:\/\/krajinaziva.sk\/wp-content\/uploads\/2025\/11\/Slobodne_vinarstvo-1170x780.jpg 1170w, https:\/\/krajinaziva.sk\/wp-content\/uploads\/2025\/11\/Slobodne_vinarstvo.jpg 1619w\" sizes=\"(max-width: 1024px) 100vw, 1024px\" \/><\/figure>\n\n\n\n<figure class=\"wp-block-image size-large\"><img loading=\"lazy\" decoding=\"async\" width=\"1024\" height=\"683\" data-id=\"7105\" src=\"https:\/\/krajinaziva.sk\/wp-content\/uploads\/2025\/11\/Statok_na_vysinach-1024x683.jpg\" alt=\"\" class=\"wp-image-7105\" srcset=\"https:\/\/krajinaziva.sk\/wp-content\/uploads\/2025\/11\/Statok_na_vysinach-1024x683.jpg 1024w, https:\/\/krajinaziva.sk\/wp-content\/uploads\/2025\/11\/Statok_na_vysinach-300x200.jpg 300w, https:\/\/krajinaziva.sk\/wp-content\/uploads\/2025\/11\/Statok_na_vysinach-768x512.jpg 768w, https:\/\/krajinaziva.sk\/wp-content\/uploads\/2025\/11\/Statok_na_vysinach-1536x1024.jpg 1536w, https:\/\/krajinaziva.sk\/wp-content\/uploads\/2025\/11\/Statok_na_vysinach-18x12.jpg 18w, https:\/\/krajinaziva.sk\/wp-content\/uploads\/2025\/11\/Statok_na_vysinach-370x247.jpg 370w, https:\/\/krajinaziva.sk\/wp-content\/uploads\/2025\/11\/Statok_na_vysinach-770x513.jpg 770w, https:\/\/krajinaziva.sk\/wp-content\/uploads\/2025\/11\/Statok_na_vysinach-1170x780.jpg 1170w, https:\/\/krajinaziva.sk\/wp-content\/uploads\/2025\/11\/Statok_na_vysinach.jpg 1620w\" sizes=\"(max-width: 1024px) 100vw, 1024px\" \/><\/figure>\n<\/figure>\n\n\n\n<p><a href=\"https:\/\/krajinaziva.sk\/wp-content\/uploads\/2025\/11\/Farma_ziva_2025_TS-1.pdf\">Tla\u010dov\u00e1 spr\u00e1va v PDF<\/a><\/p>\n\n\n\n<p><\/p>","protected":false},"excerpt":{"rendered":"<p>U\u017e po \u0161tvrt\u00fd raz sme s komisiou pr\u00edrodovedn\u00fdch a po\u013enohospod\u00e1rskych expertov nav\u0161t\u00edvili sedem fariem, ktor\u00fdm sme odovzdali ocenenie \u201eFarma \u017eiv\u00e1 \u2013 hospod\u00e1rime v s\u00falade s pr\u00edrodou\u201c. Od roku 2022 v&nbsp;r\u00e1mci programu Krajina \u017eiv\u00e1&hellip;<\/p>","protected":false},"author":4,"featured_media":7116,"comment_status":"closed","ping_status":"closed","sticky":false,"template":"","format":"standard","meta":{"give_campaign_id":0,"_monsterinsights_skip_tracking":false,"_monsterinsights_sitenote_active":false,"_monsterinsights_sitenote_note":"","_monsterinsights_sitenote_category":0,"footnotes":""},"categories":[83,101],"tags":[],"citadela-post-location":[],"class_list":["post-7104","post","type-post","status-publish","format-standard","has-post-thumbnail","hentry","category-novinky","category-tlacove-spravy"],"yoast_head":"<!-- This site is optimized with the Yoast SEO plugin v26.4 - https:\/\/yoast.com\/wordpress\/plugins\/seo\/ -->\n<title>Ocenili sme \u010fal\u0161\u00edch farm\u00e1rov hospod\u00e1riacich v s\u00falade s\u00a0pr\u00edrodou! - Krajina \u017eiv\u00e1<\/title>\n<meta name=\"description\" content=\"U\u017e po \u0161tvrt\u00fd raz sme s komisiou pr\u00edrodovedn\u00fdch a po\u013enohospod\u00e1rskych expertov nav\u0161t\u00edvili sedem fariem, ktor\u00fdm sme odovzdali ocenenie \u201eFarma \u017eiv\u00e1 \u2013 hospod\u00e1rime v s\u00falade s pr\u00edrodou\u201c. Od roku 2022 v\u00a0r\u00e1mci programu Krajina \u017eiv\u00e1 n\u00edm oce\u0148ujeme in\u0161pirat\u00edvnych hospod\u00e1rov, ktor\u00ed produkuj\u00fa kvalitn\u00e9 potraviny a z\u00e1rove\u0148 prispievaj\u00fa k ochrane krajiny, biodiverzity \u010di obnove zdravia p\u00f4dy.\" \/>\n<meta name=\"robots\" content=\"index, follow, max-snippet:-1, max-image-preview:large, max-video-preview:-1\" \/>\n<link rel=\"canonical\" href=\"https:\/\/krajinaziva.sk\/en\/ocenili-sme-dalsich-farmarov-hospodariacich-v-sulade-s-prirodou\/\" \/>\n<meta property=\"og:locale\" content=\"en_GB\" \/>\n<meta property=\"og:type\" content=\"article\" \/>\n<meta property=\"og:title\" content=\"Ocenili sme \u010fal\u0161\u00edch farm\u00e1rov hospod\u00e1riacich v s\u00falade s\u00a0pr\u00edrodou! - Krajina \u017eiv\u00e1\" \/>\n<meta property=\"og:description\" content=\"U\u017e po \u0161tvrt\u00fd raz sme s komisiou pr\u00edrodovedn\u00fdch a po\u013enohospod\u00e1rskych expertov nav\u0161t\u00edvili sedem fariem, ktor\u00fdm sme odovzdali ocenenie \u201eFarma \u017eiv\u00e1 \u2013 hospod\u00e1rime v s\u00falade s pr\u00edrodou\u201c. Od roku 2022 v\u00a0r\u00e1mci programu Krajina \u017eiv\u00e1 n\u00edm oce\u0148ujeme in\u0161pirat\u00edvnych hospod\u00e1rov, ktor\u00ed produkuj\u00fa kvalitn\u00e9 potraviny a z\u00e1rove\u0148 prispievaj\u00fa k ochrane krajiny, biodiverzity \u010di obnove zdravia p\u00f4dy.\" \/>\n<meta property=\"og:url\" content=\"https:\/\/krajinaziva.sk\/en\/ocenili-sme-dalsich-farmarov-hospodariacich-v-sulade-s-prirodou\/\" \/>\n<meta property=\"og:site_name\" content=\"Krajina \u017eiv\u00e1\" \/>\n<meta property=\"article:published_time\" content=\"2025-12-01T07:02:26+00:00\" \/>\n<meta property=\"article:modified_time\" content=\"2025-12-01T07:02:28+00:00\" \/>\n<meta property=\"og:image\" content=\"https:\/\/krajinaziva.sk\/wp-content\/uploads\/2025\/11\/La_Borinka-2.jpg\" \/>\n\t<meta property=\"og:image:width\" content=\"1620\" \/>\n\t<meta property=\"og:image:height\" content=\"1080\" \/>\n\t<meta property=\"og:image:type\" content=\"image\/jpeg\" \/>\n<meta name=\"author\" content=\"Jakub Cibik\" \/>\n<meta name=\"twitter:card\" content=\"summary_large_image\" \/>\n<meta name=\"twitter:label1\" content=\"Written by\" \/>\n\t<meta name=\"twitter:data1\" content=\"Jakub Cibik\" \/>\n\t<meta name=\"twitter:label2\" content=\"Estimated reading time\" \/>\n\t<meta name=\"twitter:data2\" content=\"5 minutes\" \/>\n<script type=\"application\/ld+json\" class=\"yoast-schema-graph\">{\"@context\":\"https:\/\/schema.org\",\"@graph\":[{\"@type\":\"Article\",\"@id\":\"https:\/\/krajinaziva.sk\/ocenili-sme-dalsich-farmarov-hospodariacich-v-sulade-s-prirodou\/#article\",\"isPartOf\":{\"@id\":\"https:\/\/krajinaziva.sk\/ocenili-sme-dalsich-farmarov-hospodariacich-v-sulade-s-prirodou\/\"},\"author\":{\"name\":\"Jakub Cibik\",\"@id\":\"https:\/\/krajinaziva.sk\/#\/schema\/person\/4863f5ffac31749c679b3cde32db1c55\"},\"headline\":\"Ocenili sme \u010fal\u0161\u00edch farm\u00e1rov hospod\u00e1riacich v s\u00falade s\u00a0pr\u00edrodou!\",\"datePublished\":\"2025-12-01T07:02:26+00:00\",\"dateModified\":\"2025-12-01T07:02:28+00:00\",\"mainEntityOfPage\":{\"@id\":\"https:\/\/krajinaziva.sk\/ocenili-sme-dalsich-farmarov-hospodariacich-v-sulade-s-prirodou\/\"},\"wordCount\":663,\"publisher\":{\"@id\":\"https:\/\/krajinaziva.sk\/#organization\"},\"image\":{\"@id\":\"https:\/\/krajinaziva.sk\/ocenili-sme-dalsich-farmarov-hospodariacich-v-sulade-s-prirodou\/#primaryimage\"},\"thumbnailUrl\":\"https:\/\/krajinaziva.sk\/wp-content\/uploads\/2025\/11\/La_Borinka-2.jpg\",\"articleSection\":[\"Novinky\",\"Tla\u010dov\u00e9 spr\u00e1vy\"],\"inLanguage\":\"en-GB\"},{\"@type\":\"WebPage\",\"@id\":\"https:\/\/krajinaziva.sk\/ocenili-sme-dalsich-farmarov-hospodariacich-v-sulade-s-prirodou\/\",\"url\":\"https:\/\/krajinaziva.sk\/ocenili-sme-dalsich-farmarov-hospodariacich-v-sulade-s-prirodou\/\",\"name\":\"Ocenili sme \u010fal\u0161\u00edch farm\u00e1rov hospod\u00e1riacich v s\u00falade s\u00a0pr\u00edrodou! - Krajina \u017eiv\u00e1\",\"isPartOf\":{\"@id\":\"https:\/\/krajinaziva.sk\/#website\"},\"primaryImageOfPage\":{\"@id\":\"https:\/\/krajinaziva.sk\/ocenili-sme-dalsich-farmarov-hospodariacich-v-sulade-s-prirodou\/#primaryimage\"},\"image\":{\"@id\":\"https:\/\/krajinaziva.sk\/ocenili-sme-dalsich-farmarov-hospodariacich-v-sulade-s-prirodou\/#primaryimage\"},\"thumbnailUrl\":\"https:\/\/krajinaziva.sk\/wp-content\/uploads\/2025\/11\/La_Borinka-2.jpg\",\"datePublished\":\"2025-12-01T07:02:26+00:00\",\"dateModified\":\"2025-12-01T07:02:28+00:00\",\"description\":\"U\u017e po \u0161tvrt\u00fd raz sme s komisiou pr\u00edrodovedn\u00fdch a po\u013enohospod\u00e1rskych expertov nav\u0161t\u00edvili sedem fariem, ktor\u00fdm sme odovzdali ocenenie \u201eFarma \u017eiv\u00e1 \u2013 hospod\u00e1rime v s\u00falade s pr\u00edrodou\u201c. Od roku 2022 v\u00a0r\u00e1mci programu Krajina \u017eiv\u00e1 n\u00edm oce\u0148ujeme in\u0161pirat\u00edvnych hospod\u00e1rov, ktor\u00ed produkuj\u00fa kvalitn\u00e9 potraviny a z\u00e1rove\u0148 prispievaj\u00fa k ochrane krajiny, biodiverzity \u010di obnove zdravia p\u00f4dy.\",\"breadcrumb\":{\"@id\":\"https:\/\/krajinaziva.sk\/ocenili-sme-dalsich-farmarov-hospodariacich-v-sulade-s-prirodou\/#breadcrumb\"},\"inLanguage\":\"en-GB\",\"potentialAction\":[{\"@type\":\"ReadAction\",\"target\":[\"https:\/\/krajinaziva.sk\/ocenili-sme-dalsich-farmarov-hospodariacich-v-sulade-s-prirodou\/\"]}]},{\"@type\":\"ImageObject\",\"inLanguage\":\"en-GB\",\"@id\":\"https:\/\/krajinaziva.sk\/ocenili-sme-dalsich-farmarov-hospodariacich-v-sulade-s-prirodou\/#primaryimage\",\"url\":\"https:\/\/krajinaziva.sk\/wp-content\/uploads\/2025\/11\/La_Borinka-2.jpg\",\"contentUrl\":\"https:\/\/krajinaziva.sk\/wp-content\/uploads\/2025\/11\/La_Borinka-2.jpg\",\"width\":1620,\"height\":1080},{\"@type\":\"BreadcrumbList\",\"@id\":\"https:\/\/krajinaziva.sk\/ocenili-sme-dalsich-farmarov-hospodariacich-v-sulade-s-prirodou\/#breadcrumb\",\"itemListElement\":[{\"@type\":\"ListItem\",\"position\":1,\"name\":\"Home\",\"item\":\"https:\/\/krajinaziva.sk\/\"},{\"@type\":\"ListItem\",\"position\":2,\"name\":\"Ocenili sme \u010fal\u0161\u00edch farm\u00e1rov hospod\u00e1riacich v s\u00falade s\u00a0pr\u00edrodou!\"}]},{\"@type\":\"WebSite\",\"@id\":\"https:\/\/krajinaziva.sk\/#website\",\"url\":\"https:\/\/krajinaziva.sk\/\",\"name\":\"Krajina \u017eiv\u00e1\",\"description\":\"\u017div\u00e1 krajina prin\u00e1\u0161a hojnos\u0165 pre v\u0161etk\u00fdch\",\"publisher\":{\"@id\":\"https:\/\/krajinaziva.sk\/#organization\"},\"potentialAction\":[{\"@type\":\"SearchAction\",\"target\":{\"@type\":\"EntryPoint\",\"urlTemplate\":\"https:\/\/krajinaziva.sk\/?s={search_term_string}\"},\"query-input\":{\"@type\":\"PropertyValueSpecification\",\"valueRequired\":true,\"valueName\":\"search_term_string\"}}],\"inLanguage\":\"en-GB\"},{\"@type\":\"Organization\",\"@id\":\"https:\/\/krajinaziva.sk\/#organization\",\"name\":\"Krajina \u017eiv\u00e1\",\"url\":\"https:\/\/krajinaziva.sk\/\",\"logo\":{\"@type\":\"ImageObject\",\"inLanguage\":\"en-GB\",\"@id\":\"https:\/\/krajinaziva.sk\/#\/schema\/logo\/image\/\",\"url\":\"https:\/\/krajinaziva.sk\/wp-content\/uploads\/2026\/02\/2206_14_BROZ_Ktajina-ziva_1-43-2-1.png\",\"contentUrl\":\"https:\/\/krajinaziva.sk\/wp-content\/uploads\/2026\/02\/2206_14_BROZ_Ktajina-ziva_1-43-2-1.png\",\"width\":1080,\"height\":1080,\"caption\":\"Krajina \u017eiv\u00e1\"},\"image\":{\"@id\":\"https:\/\/krajinaziva.sk\/#\/schema\/logo\/image\/\"}},{\"@type\":\"Person\",\"@id\":\"https:\/\/krajinaziva.sk\/#\/schema\/person\/4863f5ffac31749c679b3cde32db1c55\",\"name\":\"Jakub Cibik\",\"image\":{\"@type\":\"ImageObject\",\"inLanguage\":\"en-GB\",\"@id\":\"https:\/\/krajinaziva.sk\/#\/schema\/person\/image\/\",\"url\":\"https:\/\/secure.gravatar.com\/avatar\/89b87096c4c29ae510ee715d1c86979a5a0a7c4994664d051d845737ab95c169?s=96&d=mm&r=g\",\"contentUrl\":\"https:\/\/secure.gravatar.com\/avatar\/89b87096c4c29ae510ee715d1c86979a5a0a7c4994664d051d845737ab95c169?s=96&d=mm&r=g\",\"caption\":\"Jakub Cibik\"},\"url\":\"https:\/\/krajinaziva.sk\/en\/author\/cibojak\/\"}]}<\/script>\n<!-- \/ Yoast SEO plugin. -->","yoast_head_json":{"title":"Ocenili sme \u010fal\u0161\u00edch farm\u00e1rov hospod\u00e1riacich v s\u00falade s\u00a0pr\u00edrodou! - Krajina \u017eiv\u00e1","description":"U\u017e po \u0161tvrt\u00fd raz sme s komisiou pr\u00edrodovedn\u00fdch a po\u013enohospod\u00e1rskych expertov nav\u0161t\u00edvili sedem fariem, ktor\u00fdm sme odovzdali ocenenie \u201eFarma \u017eiv\u00e1 \u2013 hospod\u00e1rime v s\u00falade s pr\u00edrodou\u201c. Od roku 2022 v\u00a0r\u00e1mci programu Krajina \u017eiv\u00e1 n\u00edm oce\u0148ujeme in\u0161pirat\u00edvnych hospod\u00e1rov, ktor\u00ed produkuj\u00fa kvalitn\u00e9 potraviny a z\u00e1rove\u0148 prispievaj\u00fa k ochrane krajiny, biodiverzity \u010di obnove zdravia p\u00f4dy.","robots":{"index":"index","follow":"follow","max-snippet":"max-snippet:-1","max-image-preview":"max-image-preview:large","max-video-preview":"max-video-preview:-1"},"canonical":"https:\/\/krajinaziva.sk\/en\/ocenili-sme-dalsich-farmarov-hospodariacich-v-sulade-s-prirodou\/","og_locale":"en_GB","og_type":"article","og_title":"Ocenili sme \u010fal\u0161\u00edch farm\u00e1rov hospod\u00e1riacich v s\u00falade s\u00a0pr\u00edrodou! - Krajina \u017eiv\u00e1","og_description":"U\u017e po \u0161tvrt\u00fd raz sme s komisiou pr\u00edrodovedn\u00fdch a po\u013enohospod\u00e1rskych expertov nav\u0161t\u00edvili sedem fariem, ktor\u00fdm sme odovzdali ocenenie \u201eFarma \u017eiv\u00e1 \u2013 hospod\u00e1rime v s\u00falade s pr\u00edrodou\u201c. Od roku 2022 v\u00a0r\u00e1mci programu Krajina \u017eiv\u00e1 n\u00edm oce\u0148ujeme in\u0161pirat\u00edvnych hospod\u00e1rov, ktor\u00ed produkuj\u00fa kvalitn\u00e9 potraviny a z\u00e1rove\u0148 prispievaj\u00fa k ochrane krajiny, biodiverzity \u010di obnove zdravia p\u00f4dy.","og_url":"https:\/\/krajinaziva.sk\/en\/ocenili-sme-dalsich-farmarov-hospodariacich-v-sulade-s-prirodou\/","og_site_name":"Krajina \u017eiv\u00e1","article_published_time":"2025-12-01T07:02:26+00:00","article_modified_time":"2025-12-01T07:02:28+00:00","og_image":[{"width":1620,"height":1080,"url":"https:\/\/krajinaziva.sk\/wp-content\/uploads\/2025\/11\/La_Borinka-2.jpg","type":"image\/jpeg"}],"author":"Jakub Cibik","twitter_card":"summary_large_image","twitter_misc":{"Written by":"Jakub Cibik","Estimated reading time":"5 minutes"},"schema":{"@context":"https:\/\/schema.org","@graph":[{"@type":"Article","@id":"https:\/\/krajinaziva.sk\/ocenili-sme-dalsich-farmarov-hospodariacich-v-sulade-s-prirodou\/#article","isPartOf":{"@id":"https:\/\/krajinaziva.sk\/ocenili-sme-dalsich-farmarov-hospodariacich-v-sulade-s-prirodou\/"},"author":{"name":"Jakub Cibik","@id":"https:\/\/krajinaziva.sk\/#\/schema\/person\/4863f5ffac31749c679b3cde32db1c55"},"headline":"Ocenili sme \u010fal\u0161\u00edch farm\u00e1rov hospod\u00e1riacich v s\u00falade s\u00a0pr\u00edrodou!","datePublished":"2025-12-01T07:02:26+00:00","dateModified":"2025-12-01T07:02:28+00:00","mainEntityOfPage":{"@id":"https:\/\/krajinaziva.sk\/ocenili-sme-dalsich-farmarov-hospodariacich-v-sulade-s-prirodou\/"},"wordCount":663,"publisher":{"@id":"https:\/\/krajinaziva.sk\/#organization"},"image":{"@id":"https:\/\/krajinaziva.sk\/ocenili-sme-dalsich-farmarov-hospodariacich-v-sulade-s-prirodou\/#primaryimage"},"thumbnailUrl":"https:\/\/krajinaziva.sk\/wp-content\/uploads\/2025\/11\/La_Borinka-2.jpg","articleSection":["Novinky","Tla\u010dov\u00e9 spr\u00e1vy"],"inLanguage":"en-GB"},{"@type":"WebPage","@id":"https:\/\/krajinaziva.sk\/ocenili-sme-dalsich-farmarov-hospodariacich-v-sulade-s-prirodou\/","url":"https:\/\/krajinaziva.sk\/ocenili-sme-dalsich-farmarov-hospodariacich-v-sulade-s-prirodou\/","name":"Ocenili sme \u010fal\u0161\u00edch farm\u00e1rov hospod\u00e1riacich v s\u00falade s\u00a0pr\u00edrodou! - Krajina \u017eiv\u00e1","isPartOf":{"@id":"https:\/\/krajinaziva.sk\/#website"},"primaryImageOfPage":{"@id":"https:\/\/krajinaziva.sk\/ocenili-sme-dalsich-farmarov-hospodariacich-v-sulade-s-prirodou\/#primaryimage"},"image":{"@id":"https:\/\/krajinaziva.sk\/ocenili-sme-dalsich-farmarov-hospodariacich-v-sulade-s-prirodou\/#primaryimage"},"thumbnailUrl":"https:\/\/krajinaziva.sk\/wp-content\/uploads\/2025\/11\/La_Borinka-2.jpg","datePublished":"2025-12-01T07:02:26+00:00","dateModified":"2025-12-01T07:02:28+00:00","description":"U\u017e po \u0161tvrt\u00fd raz sme s komisiou pr\u00edrodovedn\u00fdch a po\u013enohospod\u00e1rskych expertov nav\u0161t\u00edvili sedem fariem, ktor\u00fdm sme odovzdali ocenenie \u201eFarma \u017eiv\u00e1 \u2013 hospod\u00e1rime v s\u00falade s pr\u00edrodou\u201c. Od roku 2022 v\u00a0r\u00e1mci programu Krajina \u017eiv\u00e1 n\u00edm oce\u0148ujeme in\u0161pirat\u00edvnych hospod\u00e1rov, ktor\u00ed produkuj\u00fa kvalitn\u00e9 potraviny a z\u00e1rove\u0148 prispievaj\u00fa k ochrane krajiny, biodiverzity \u010di obnove zdravia p\u00f4dy.","breadcrumb":{"@id":"https:\/\/krajinaziva.sk\/ocenili-sme-dalsich-farmarov-hospodariacich-v-sulade-s-prirodou\/#breadcrumb"},"inLanguage":"en-GB","potentialAction":[{"@type":"ReadAction","target":["https:\/\/krajinaziva.sk\/ocenili-sme-dalsich-farmarov-hospodariacich-v-sulade-s-prirodou\/"]}]},{"@type":"ImageObject","inLanguage":"en-GB","@id":"https:\/\/krajinaziva.sk\/ocenili-sme-dalsich-farmarov-hospodariacich-v-sulade-s-prirodou\/#primaryimage","url":"https:\/\/krajinaziva.sk\/wp-content\/uploads\/2025\/11\/La_Borinka-2.jpg","contentUrl":"https:\/\/krajinaziva.sk\/wp-content\/uploads\/2025\/11\/La_Borinka-2.jpg","width":1620,"height":1080},{"@type":"BreadcrumbList","@id":"https:\/\/krajinaziva.sk\/ocenili-sme-dalsich-farmarov-hospodariacich-v-sulade-s-prirodou\/#breadcrumb","itemListElement":[{"@type":"ListItem","position":1,"name":"Home","item":"https:\/\/krajinaziva.sk\/"},{"@type":"ListItem","position":2,"name":"Ocenili sme \u010fal\u0161\u00edch farm\u00e1rov hospod\u00e1riacich v s\u00falade s\u00a0pr\u00edrodou!"}]},{"@type":"WebSite","@id":"https:\/\/krajinaziva.sk\/#website","url":"https:\/\/krajinaziva.sk\/","name":"Living landscape","description":"A living landscape brings wealth for all","publisher":{"@id":"https:\/\/krajinaziva.sk\/#organization"},"potentialAction":[{"@type":"SearchAction","target":{"@type":"EntryPoint","urlTemplate":"https:\/\/krajinaziva.sk\/?s={search_term_string}"},"query-input":{"@type":"PropertyValueSpecification","valueRequired":true,"valueName":"search_term_string"}}],"inLanguage":"en-GB"},{"@type":"Organization","@id":"https:\/\/krajinaziva.sk\/#organization","name":"Living landscape","url":"https:\/\/krajinaziva.sk\/","logo":{"@type":"ImageObject","inLanguage":"en-GB","@id":"https:\/\/krajinaziva.sk\/#\/schema\/logo\/image\/","url":"https:\/\/krajinaziva.sk\/wp-content\/uploads\/2026\/02\/2206_14_BROZ_Ktajina-ziva_1-43-2-1.png","contentUrl":"https:\/\/krajinaziva.sk\/wp-content\/uploads\/2026\/02\/2206_14_BROZ_Ktajina-ziva_1-43-2-1.png","width":1080,"height":1080,"caption":"Krajina \u017eiv\u00e1"},"image":{"@id":"https:\/\/krajinaziva.sk\/#\/schema\/logo\/image\/"}},{"@type":"Person","@id":"https:\/\/krajinaziva.sk\/#\/schema\/person\/4863f5ffac31749c679b3cde32db1c55","name":"Jakub Cibik","image":{"@type":"ImageObject","inLanguage":"en-GB","@id":"https:\/\/krajinaziva.sk\/#\/schema\/person\/image\/","url":"https:\/\/secure.gravatar.com\/avatar\/89b87096c4c29ae510ee715d1c86979a5a0a7c4994664d051d845737ab95c169?s=96&d=mm&r=g","contentUrl":"https:\/\/secure.gravatar.com\/avatar\/89b87096c4c29ae510ee715d1c86979a5a0a7c4994664d051d845737ab95c169?s=96&d=mm&r=g","caption":"Jakub Cibik"},"url":"https:\/\/krajinaziva.sk\/en\/author\/cibojak\/"}]}},"_links":{"self":[{"href":"https:\/\/krajinaziva.sk\/en\/wp-json\/wp\/v2\/posts\/7104","targetHints":{"allow":["GET"]}}],"collection":[{"href":"https:\/\/krajinaziva.sk\/en\/wp-json\/wp\/v2\/posts"}],"about":[{"href":"https:\/\/krajinaziva.sk\/en\/wp-json\/wp\/v2\/types\/post"}],"author":[{"embeddable":true,"href":"https:\/\/krajinaziva.sk\/en\/wp-json\/wp\/v2\/users\/4"}],"replies":[{"embeddable":true,"href":"https:\/\/krajinaziva.sk\/en\/wp-json\/wp\/v2\/comments?post=7104"}],"version-history":[{"count":3,"href":"https:\/\/krajinaziva.sk\/en\/wp-json\/wp\/v2\/posts\/7104\/revisions"}],"predecessor-version":[{"id":7130,"href":"https:\/\/krajinaziva.sk\/en\/wp-json\/wp\/v2\/posts\/7104\/revisions\/7130"}],"wp:featuredmedia":[{"embeddable":true,"href":"https:\/\/krajinaziva.sk\/en\/wp-json\/wp\/v2\/media\/7116"}],"wp:attachment":[{"href":"https:\/\/krajinaziva.sk\/en\/wp-json\/wp\/v2\/media?parent=7104"}],"wp:term":[{"taxonomy":"category","embeddable":true,"href":"https:\/\/krajinaziva.sk\/en\/wp-json\/wp\/v2\/categories?post=7104"},{"taxonomy":"post_tag","embeddable":true,"href":"https:\/\/krajinaziva.sk\/en\/wp-json\/wp\/v2\/tags?post=7104"},{"taxonomy":"citadela-post-location","embeddable":true,"href":"https:\/\/krajinaziva.sk\/en\/wp-json\/wp\/v2\/citadela-post-location?post=7104"}],"curies":[{"name":"wp","href":"https:\/\/api.w.org\/{rel}","templated":true}]}}