{"id":6440,"date":"2025-07-16T16:13:54","date_gmt":"2025-07-16T14:13:54","guid":{"rendered":"https:\/\/krajinaziva.sk\/?p=6440"},"modified":"2025-07-16T16:15:08","modified_gmt":"2025-07-16T14:15:08","slug":"ocenena-ekofarma-gora-tam-kde-vitazi-kvalita-a-poctivost","status":"publish","type":"post","link":"https:\/\/krajinaziva.sk\/en\/ocenena-ekofarma-gora-tam-kde-vitazi-kvalita-a-poctivost\/","title":{"rendered":"Ocenen\u00e1 Ekofarma G\u00f3ra: Tam, kde v\u00ed\u0165az\u00ed kvalita a poctivos\u0165\u00a0"},"content":{"rendered":"<p>Severne od najju\u017enej\u0161ieho a najmen\u0161ieho pohoria Slovenska \u2013 Burdy, z\u00e1padne od Ipe\u013eskej pahorkatiny odde\u013euj\u00facej Ipe\u013e od Hrona, v\u00fdchodne od sope\u010dn\u00e9ho pohoria B\u00f6rzs\u00f6ny na ma\u010farskej strane, v \u00fadol\u00ed rieky Ipe\u013e je Ekofarma G\u00f3ra. Hospod\u00e1ri na \u00factyhodn\u00fdch 860 ha, z toho 200 ha je v ich vlastn\u00edctve. A to je u\u017e v tejto malej kotline medzi n\u00edzkymi pohoriami vidie\u0165.<\/p>\n\n\n\n<p>Upraven\u00fd are\u00e1l farmy sa nach\u00e1dza severne od dediny Salka. S\u00fa tu tie naj\u00farodnej\u0161ie p\u00f4dy. Hlbok\u00e1 \u010dernozem vznik\u00e1 na naviatych spra\u0161iach a pieskoch, v teplej, ve\u013emi suchej, n\u00ed\u017einnej kl\u00edme. Potenci\u00e1lne by tu r\u00e1stli stepi a dubovo-hrabov\u00e9 lesy, ktor\u00e9 by sa smerom k rieke menili na m\u00e4kk\u00fd luh. Dnes tu stromy prakticky nie s\u00fa. V tejto krajine dominuj\u00fa viac ako 50 hekt\u00e1rov\u00e9 polia a l\u00faky.<\/p>\n\n\n\n<figure class=\"wp-block-image size-large\"><img fetchpriority=\"high\" decoding=\"async\" width=\"1024\" height=\"683\" src=\"https:\/\/krajinaziva.sk\/wp-content\/uploads\/2025\/07\/DSC01884-1024x683.jpg\" alt=\"\" class=\"wp-image-6441\" srcset=\"https:\/\/krajinaziva.sk\/wp-content\/uploads\/2025\/07\/DSC01884-1024x683.jpg 1024w, https:\/\/krajinaziva.sk\/wp-content\/uploads\/2025\/07\/DSC01884-300x200.jpg 300w, https:\/\/krajinaziva.sk\/wp-content\/uploads\/2025\/07\/DSC01884-768x512.jpg 768w, https:\/\/krajinaziva.sk\/wp-content\/uploads\/2025\/07\/DSC01884-1536x1024.jpg 1536w, https:\/\/krajinaziva.sk\/wp-content\/uploads\/2025\/07\/DSC01884-18x12.jpg 18w, https:\/\/krajinaziva.sk\/wp-content\/uploads\/2025\/07\/DSC01884-370x247.jpg 370w, https:\/\/krajinaziva.sk\/wp-content\/uploads\/2025\/07\/DSC01884-770x513.jpg 770w, https:\/\/krajinaziva.sk\/wp-content\/uploads\/2025\/07\/DSC01884-1170x780.jpg 1170w, https:\/\/krajinaziva.sk\/wp-content\/uploads\/2025\/07\/DSC01884.jpg 1620w\" sizes=\"(max-width: 1024px) 100vw, 1024px\" \/><\/figure>\n\n\n\n<p>Ve\u013ek\u00e9 dom\u00e1ce bylino\u017eravce sp\u00e1san\u00edm udr\u017euj\u00fa krajinu v bezlesom stave. Tur dom\u00e1ci, teda hov\u00e4dz\u00ed dobytok, ktor\u00fd sa tu pasie, dotv\u00e1ra kolorit krajiny. Hoci ich plemen\u00e1 nie s\u00fa &#8220;na\u0161e&#8221; p\u00f4vodn\u00e9, ale s\u00fa nen\u00e1ro\u010dn\u00e9,\u00a0 odoln\u00e9 a m\u00f4\u017eu by\u0165 celoro\u010dne vonku. \u0160k\u00f3tsky dobytok plemien Galloway a Aberdeen-angus na t\u00fdchto l\u00fakach pre\u017eije cel\u00fd \u017eivot. Teliatka sa tu narodia a s\u00fa so st\u00e1dom a\u017e k\u00fdm ich po dvoch rokoch neodved\u00fa k bit\u00fanku priamo na farme. V pr\u00edpade potreby je dobytok prikrmovan\u00fd senom, sen\u00e1\u017eou, lucernou, zrnom, du\u017einou z tekvice a k\u0155mnou repou. K\u0155mne zmesi, s\u00f3ju a kukuri\u010dn\u00e9 sil\u00e1\u017ee na farme nepou\u017e\u00edvaj\u00fa. V\u010faka suchej kl\u00edme sa parazity \u0165a\u017e\u0161ie rozmno\u017euj\u00fa a dobytok nepotrebuje od\u010dervovanie. Antibiotik\u00e1 pou\u017e\u00edvaj\u00fa len v pr\u00edpade potreby konkr\u00e9tneho jedinca.\u00a0\u00a0<\/p>\n\n\n\n<figure class=\"wp-block-image size-large\"><img decoding=\"async\" width=\"1024\" height=\"683\" src=\"https:\/\/krajinaziva.sk\/wp-content\/uploads\/2025\/07\/IMG_8867-1024x683.jpg\" alt=\"\" class=\"wp-image-6442\" srcset=\"https:\/\/krajinaziva.sk\/wp-content\/uploads\/2025\/07\/IMG_8867-1024x683.jpg 1024w, https:\/\/krajinaziva.sk\/wp-content\/uploads\/2025\/07\/IMG_8867-300x200.jpg 300w, https:\/\/krajinaziva.sk\/wp-content\/uploads\/2025\/07\/IMG_8867-768x512.jpg 768w, https:\/\/krajinaziva.sk\/wp-content\/uploads\/2025\/07\/IMG_8867-1536x1024.jpg 1536w, https:\/\/krajinaziva.sk\/wp-content\/uploads\/2025\/07\/IMG_8867-18x12.jpg 18w, https:\/\/krajinaziva.sk\/wp-content\/uploads\/2025\/07\/IMG_8867-370x247.jpg 370w, https:\/\/krajinaziva.sk\/wp-content\/uploads\/2025\/07\/IMG_8867-770x513.jpg 770w, https:\/\/krajinaziva.sk\/wp-content\/uploads\/2025\/07\/IMG_8867-1170x780.jpg 1170w, https:\/\/krajinaziva.sk\/wp-content\/uploads\/2025\/07\/IMG_8867.jpg 1620w\" sizes=\"(max-width: 1024px) 100vw, 1024px\" \/><\/figure>\n\n\n\n<p>Ve\u013ek\u00fd v\u00fdbeh medzi star\u00fdmi ma\u0161ta\u013eami a celoro\u010dn\u00fd pobyt na \u010derstvom vzduchu maj\u00fa aj mangalice, plemeno prasiat z Ve\u013ekej uhorskej n\u00ed\u017einy. Tieto ku\u010derav\u00e9, ve\u013emi odoln\u00e9 a nen\u00e1ro\u010dn\u00e9 prasiatka dok\u00e1\u017eu prirodzene pribera\u0165 na v\u00e1he aj po\u010das zimy str\u00e1venej vonku. Zvierat\u00e1 por\u00e1\u017eaj\u00fa a m\u00e4so spracov\u00e1vaj\u00fa takisto priamo na farme. Cie\u013eom ich m\u00e4sov\u00fdroby nie je maximalizova\u0165 sortiment z vlastnej produkcie, ale stabilizova\u0165 to, \u010do funguje. V pr\u00edjemnom prostred\u00ed predajne priamo na farme je mo\u017en\u00e9 k\u00fapi\u0165 vakuovan\u00e9 hov\u00e4dzie a brav\u010dov\u00e9 m\u00e4so aj \u0161irok\u00fd sortiment \u00faden\u00fdch a ne\u00faden\u00fdch brav\u010dov\u00fdch v\u00fdrobkov. Svoje v\u00fdrobky sk\u00fa\u0161ali dod\u00e1va\u0165 do maloobchodov a re\u0161taur\u00e1ci\u00ed, no n\u00e1roky na \u00fazky sortiment kalibrovan\u00fdch v\u00fdrobkov neladili s filozofiou farmy. St\u00e1lymi odberate\u013emi sa teda napokon stali len niektor\u00ed z nich. V podnikovej kuchyni samozrejme pou\u017e\u00edvaj\u00fa vlastn\u00e9 suroviny \u010di z ekoprodukcie. Predsavzatie majite\u013ea o kontrole kvality vlastn\u00fdch surov\u00edn ako aj surov\u00edn, ktor\u00e9 sa pou\u017e\u00edvaj\u00fa pre v\u00fdrobu m\u00e4sov\u00fdch v\u00fdrobkov, t.j. kontrola p\u00f4vodu je mo\u017en\u00e9 vzh\u013eadom na s\u00fa\u010dasn\u00fa potravin\u00e1rsku produkciu hodnoti\u0165 ako u\u0161\u013eachtil\u00fa aktivitu. Rovnako je dobr\u00fdm krokom aj vybudovanie vlastnej podnikovej predajne, ktor\u00e1 podtrhuje nielen podstatu kvalitnej produkcie, no z\u00e1rove\u0148 aj pridan\u00fa hodnotu v lok\u00e1lnosti predaja.<\/p>\n\n\n\n<figure class=\"wp-block-image size-large\"><img decoding=\"async\" width=\"1024\" height=\"684\" src=\"https:\/\/krajinaziva.sk\/wp-content\/uploads\/2025\/07\/IMG_8777-1024x684.jpg\" alt=\"\" class=\"wp-image-6443\" srcset=\"https:\/\/krajinaziva.sk\/wp-content\/uploads\/2025\/07\/IMG_8777-1024x684.jpg 1024w, https:\/\/krajinaziva.sk\/wp-content\/uploads\/2025\/07\/IMG_8777-300x200.jpg 300w, https:\/\/krajinaziva.sk\/wp-content\/uploads\/2025\/07\/IMG_8777-768x513.jpg 768w, https:\/\/krajinaziva.sk\/wp-content\/uploads\/2025\/07\/IMG_8777-1536x1027.jpg 1536w, https:\/\/krajinaziva.sk\/wp-content\/uploads\/2025\/07\/IMG_8777-18x12.jpg 18w, https:\/\/krajinaziva.sk\/wp-content\/uploads\/2025\/07\/IMG_8777-370x247.jpg 370w, https:\/\/krajinaziva.sk\/wp-content\/uploads\/2025\/07\/IMG_8777-770x513.jpg 770w, https:\/\/krajinaziva.sk\/wp-content\/uploads\/2025\/07\/IMG_8777-1170x782.jpg 1170w, https:\/\/krajinaziva.sk\/wp-content\/uploads\/2025\/07\/IMG_8777.jpg 1616w\" sizes=\"(max-width: 1024px) 100vw, 1024px\" \/><\/figure>\n\n\n\n<p>&#8220;<em>Uvedomel\u00fd pr\u00edstup je patrn\u00fd aj v oblasti spolupr\u00e1ce s in\u00fdmi miestnymi producentmi, ktor\u00fdch v\u00fdrobky dop\u013a\u0148aj\u00fa sortiment podnikovej predajne na farme. Spolupr\u00e1ca viacer\u00fdch men\u0161\u00edch producentov s podporou lok\u00e1lnej distrib\u00facie a predaja je perspekt\u00edvou pre zlep\u0161enie dostupnosti, rovnako aj povedomia o kvalitnej dom\u00e1cej ekologickej produkcii potrav\u00edn. Ide o dobr\u00fd pr\u00edklad toho, ako je mo\u017en\u00e9 na miestnej \u00farovni vytvori\u0165 komunitu, kvalitn\u00e9 v\u00fdrobky a zabezpe\u010di\u0165 alternat\u00edvu k spotrebite\u013esk\u00fdm n\u00e1vykom dne\u0161nej spolo\u010dnosti<\/em>&#8220;, poznamenal \u010dlen komisie Farma \u017eiv\u00e1 \u013dubom\u00edr Marhav\u00fd.<\/p>\n\n\n\n<figure class=\"wp-block-image size-large\"><img loading=\"lazy\" decoding=\"async\" width=\"1024\" height=\"683\" src=\"https:\/\/krajinaziva.sk\/wp-content\/uploads\/2025\/07\/IMG_8819-1024x683.jpg\" alt=\"\" class=\"wp-image-6444\" srcset=\"https:\/\/krajinaziva.sk\/wp-content\/uploads\/2025\/07\/IMG_8819-1024x683.jpg 1024w, https:\/\/krajinaziva.sk\/wp-content\/uploads\/2025\/07\/IMG_8819-300x200.jpg 300w, https:\/\/krajinaziva.sk\/wp-content\/uploads\/2025\/07\/IMG_8819-768x512.jpg 768w, https:\/\/krajinaziva.sk\/wp-content\/uploads\/2025\/07\/IMG_8819-1536x1024.jpg 1536w, https:\/\/krajinaziva.sk\/wp-content\/uploads\/2025\/07\/IMG_8819-18x12.jpg 18w, https:\/\/krajinaziva.sk\/wp-content\/uploads\/2025\/07\/IMG_8819-370x247.jpg 370w, https:\/\/krajinaziva.sk\/wp-content\/uploads\/2025\/07\/IMG_8819-770x513.jpg 770w, https:\/\/krajinaziva.sk\/wp-content\/uploads\/2025\/07\/IMG_8819-1170x780.jpg 1170w, https:\/\/krajinaziva.sk\/wp-content\/uploads\/2025\/07\/IMG_8819.jpg 1620w\" sizes=\"(max-width: 1024px) 100vw, 1024px\" \/><\/figure>\n\n\n\n<p>V\u0161etky krmoviny pre zvierat\u00e1 poch\u00e1dzaj\u00fa z ich vlastnej produkcie. U\u017e roky p\u00f4du obhospodaruj\u00fa bez ch\u00e9mie, s vyu\u017eit\u00edm osved\u010den\u00e9ho striedania plod\u00edn a hnojenia vlastn\u00fdm ma\u0161ta\u013en\u00fdm hnojom. Na ornej p\u00f4de pestuj\u00fa lucernu a k\u0155mne mie\u0161anky, ovos, p\u0161enicu, ja\u010dme\u0148, \u0161paldu a strukoviny. Po\u013en\u00e9 pestovanie za\u010d\u00ednaj\u00fa roz\u0161irova\u0165 aj o pestovanie zeleniny a experimentuj\u00fa s pestovan\u00edm zmie\u0161an\u00fdch kult\u00far, napr\u00edklad strukov\u00edn a obiln\u00edn.<\/p>\n\n\n\n<figure class=\"wp-block-image size-large\"><img loading=\"lazy\" decoding=\"async\" width=\"1024\" height=\"683\" src=\"https:\/\/krajinaziva.sk\/wp-content\/uploads\/2025\/07\/IMG_9037-1024x683.jpg\" alt=\"\" class=\"wp-image-6445\" srcset=\"https:\/\/krajinaziva.sk\/wp-content\/uploads\/2025\/07\/IMG_9037-1024x683.jpg 1024w, https:\/\/krajinaziva.sk\/wp-content\/uploads\/2025\/07\/IMG_9037-300x200.jpg 300w, https:\/\/krajinaziva.sk\/wp-content\/uploads\/2025\/07\/IMG_9037-768x512.jpg 768w, https:\/\/krajinaziva.sk\/wp-content\/uploads\/2025\/07\/IMG_9037-1536x1024.jpg 1536w, https:\/\/krajinaziva.sk\/wp-content\/uploads\/2025\/07\/IMG_9037-18x12.jpg 18w, https:\/\/krajinaziva.sk\/wp-content\/uploads\/2025\/07\/IMG_9037-370x247.jpg 370w, https:\/\/krajinaziva.sk\/wp-content\/uploads\/2025\/07\/IMG_9037-770x513.jpg 770w, https:\/\/krajinaziva.sk\/wp-content\/uploads\/2025\/07\/IMG_9037-1170x780.jpg 1170w, https:\/\/krajinaziva.sk\/wp-content\/uploads\/2025\/07\/IMG_9037.jpg 1620w\" sizes=\"(max-width: 1024px) 100vw, 1024px\" \/><\/figure>\n\n\n\n<p>Za celou prev\u00e1dzkou farmy stoj\u00ed jasn\u00e1 filozofia majite\u013ea. Pred\u00e1vaj\u00fa iba vlastn\u00e9 m\u00e4so a m\u00e4sov\u00e9 v\u00fdrobky z neho, ktor\u00e9 s\u00fa spracovan\u00e9 na vlastnom bit\u00fanku a m\u00e4sov\u00fdrobe. S\u00e1m majite\u013e osobne ru\u010d\u00ed za ich vysok\u00fa kvalitu. Od \u010dias, ke\u010f ho na vysokej \u0161kole u\u010dili by\u0165 netrpezliv\u00fd, st\u00e1le \u00eds\u0165 \u010falej a nah\u00e1\u0148a\u0165 pr\u00edrastky, ubehlo ve\u013ea \u010dasu. Dnes jeho farma hospod\u00e1ri s vedom\u00edm, \u017ee pr\u00edroda vie najlep\u0161ie ako \u010do m\u00e1 by\u0165, preto na farme minimalizuj\u00fa z\u00e1sahy do jej procesov. Zato maximalizuj\u00fa pozornos\u0165 vo\u010di \u013eu\u010fom, ktor\u00ed tu pracuj\u00fa. T\u00fdm farma produkuje kvalitn\u00e9 potraviny a udr\u017euje roz\u013eahl\u00fa krajinu pol\u00ed a l\u00fak s vo\u013ene sa pas\u00facim dobytkom.<\/p>\n\n\n\n<figure class=\"wp-block-image size-large\"><img loading=\"lazy\" decoding=\"async\" width=\"1024\" height=\"683\" src=\"https:\/\/krajinaziva.sk\/wp-content\/uploads\/2025\/07\/IMG_8917-1024x683.jpg\" alt=\"\" class=\"wp-image-6446\" srcset=\"https:\/\/krajinaziva.sk\/wp-content\/uploads\/2025\/07\/IMG_8917-1024x683.jpg 1024w, https:\/\/krajinaziva.sk\/wp-content\/uploads\/2025\/07\/IMG_8917-300x200.jpg 300w, https:\/\/krajinaziva.sk\/wp-content\/uploads\/2025\/07\/IMG_8917-768x512.jpg 768w, https:\/\/krajinaziva.sk\/wp-content\/uploads\/2025\/07\/IMG_8917-1536x1024.jpg 1536w, https:\/\/krajinaziva.sk\/wp-content\/uploads\/2025\/07\/IMG_8917-18x12.jpg 18w, https:\/\/krajinaziva.sk\/wp-content\/uploads\/2025\/07\/IMG_8917-370x247.jpg 370w, https:\/\/krajinaziva.sk\/wp-content\/uploads\/2025\/07\/IMG_8917-770x513.jpg 770w, https:\/\/krajinaziva.sk\/wp-content\/uploads\/2025\/07\/IMG_8917-1170x780.jpg 1170w, https:\/\/krajinaziva.sk\/wp-content\/uploads\/2025\/07\/IMG_8917.jpg 1620w\" sizes=\"(max-width: 1024px) 100vw, 1024px\" \/><\/figure>\n\n\n\n<figure class=\"wp-block-image size-large\"><img loading=\"lazy\" decoding=\"async\" width=\"1024\" height=\"683\" src=\"https:\/\/krajinaziva.sk\/wp-content\/uploads\/2025\/07\/IMG_8879-1024x683.jpg\" alt=\"\" class=\"wp-image-6447\" srcset=\"https:\/\/krajinaziva.sk\/wp-content\/uploads\/2025\/07\/IMG_8879-1024x683.jpg 1024w, https:\/\/krajinaziva.sk\/wp-content\/uploads\/2025\/07\/IMG_8879-300x200.jpg 300w, https:\/\/krajinaziva.sk\/wp-content\/uploads\/2025\/07\/IMG_8879-768x512.jpg 768w, https:\/\/krajinaziva.sk\/wp-content\/uploads\/2025\/07\/IMG_8879-1536x1025.jpg 1536w, https:\/\/krajinaziva.sk\/wp-content\/uploads\/2025\/07\/IMG_8879-18x12.jpg 18w, https:\/\/krajinaziva.sk\/wp-content\/uploads\/2025\/07\/IMG_8879-370x247.jpg 370w, https:\/\/krajinaziva.sk\/wp-content\/uploads\/2025\/07\/IMG_8879-770x513.jpg 770w, https:\/\/krajinaziva.sk\/wp-content\/uploads\/2025\/07\/IMG_8879-1170x780.jpg 1170w, https:\/\/krajinaziva.sk\/wp-content\/uploads\/2025\/07\/IMG_8879.jpg 1619w\" sizes=\"(max-width: 1024px) 100vw, 1024px\" \/><\/figure>\n\n\n\n<figure class=\"wp-block-image size-large\"><img loading=\"lazy\" decoding=\"async\" width=\"1024\" height=\"683\" src=\"https:\/\/krajinaziva.sk\/wp-content\/uploads\/2025\/07\/IMG_8969-1024x683.jpg\" alt=\"\" class=\"wp-image-6448\" srcset=\"https:\/\/krajinaziva.sk\/wp-content\/uploads\/2025\/07\/IMG_8969-1024x683.jpg 1024w, https:\/\/krajinaziva.sk\/wp-content\/uploads\/2025\/07\/IMG_8969-300x200.jpg 300w, https:\/\/krajinaziva.sk\/wp-content\/uploads\/2025\/07\/IMG_8969-768x512.jpg 768w, https:\/\/krajinaziva.sk\/wp-content\/uploads\/2025\/07\/IMG_8969-1536x1024.jpg 1536w, https:\/\/krajinaziva.sk\/wp-content\/uploads\/2025\/07\/IMG_8969-18x12.jpg 18w, https:\/\/krajinaziva.sk\/wp-content\/uploads\/2025\/07\/IMG_8969-370x247.jpg 370w, https:\/\/krajinaziva.sk\/wp-content\/uploads\/2025\/07\/IMG_8969-770x513.jpg 770w, https:\/\/krajinaziva.sk\/wp-content\/uploads\/2025\/07\/IMG_8969-1170x780.jpg 1170w, https:\/\/krajinaziva.sk\/wp-content\/uploads\/2025\/07\/IMG_8969.jpg 1620w\" sizes=\"(max-width: 1024px) 100vw, 1024px\" \/><\/figure>\n\n\n\n<p>Program Krajina \u017eiv\u00e1 finan\u010dne podporila V\u00daB banka.<a href=\"https:\/\/www.facebook.com\/vub.banka?__cft__[0]=AZVSsjzDVerWrhH5SI2xk4UlI3SMJGOn0PMhPaE8w6m8quU8eVmlz2ypmutfykKEFV4oEXL8zut06Y--2IGnSqqLiOOAmR3mVMEgs5XVx9RIF_iZKIvPk_j1zKmRyq38_rXlO-vdxWWHo_r6Cwqsyv6g9lvSI-Mc1SPCKzkZkgIBuyuKv87AZtAYh8mbVwSIl6nShFBJv9QbzbXmZqrI78Aa&amp;__tn__=-]K-R\"><\/a><\/p>","protected":false},"excerpt":{"rendered":"<p>Severne od najju\u017enej\u0161ieho a najmen\u0161ieho pohoria Slovenska \u2013 Burdy, z\u00e1padne od Ipe\u013eskej pahorkatiny odde\u013euj\u00facej Ipe\u013e od Hrona, v\u00fdchodne od sope\u010dn\u00e9ho pohoria B\u00f6rzs\u00f6ny na ma\u010farskej strane, v \u00fadol\u00ed rieky Ipe\u013e je Ekofarma G\u00f3ra. Hospod\u00e1ri&hellip;<\/p>","protected":false},"author":4,"featured_media":6441,"comment_status":"closed","ping_status":"closed","sticky":false,"template":"","format":"standard","meta":{"give_campaign_id":0,"_monsterinsights_skip_tracking":false,"_monsterinsights_sitenote_active":false,"_monsterinsights_sitenote_note":"","_monsterinsights_sitenote_category":0,"footnotes":""},"categories":[1],"tags":[],"citadela-post-location":[],"class_list":["post-6440","post","type-post","status-publish","format-standard","has-post-thumbnail","hentry","category-uncategorized"],"yoast_head":"<!-- This site is optimized with the Yoast SEO plugin v26.4 - https:\/\/yoast.com\/wordpress\/plugins\/seo\/ -->\n<title>Ocenen\u00e1 Ekofarma G\u00f3ra: Tam, kde v\u00ed\u0165az\u00ed kvalita a poctivos\u0165\u00a0 - Krajina \u017eiv\u00e1<\/title>\n<meta name=\"description\" content=\"Severne od najju\u017enej\u0161ieho a najmen\u0161ieho pohoria Slovenska \u2013 Burdy, z\u00e1padne od Ipe\u013eskej pahorkatiny odde\u013euj\u00facej Ipe\u013e od Hrona, v\u00fdchodne od sope\u010dn\u00e9ho pohoria B\u00f6rzs\u00f6ny na ma\u010farskej strane, v \u00fadol\u00ed rieky Ipe\u013e je Ekofarma G\u00f3ra. Hospod\u00e1ri na \u00factyhodn\u00fdch 860 ha, z toho 200 ha je v ich vlastn\u00edctve. A to je u\u017e v tejto malej kotline medzi n\u00edzkymi pohoriami vidie\u0165.\" \/>\n<meta name=\"robots\" content=\"index, follow, max-snippet:-1, max-image-preview:large, max-video-preview:-1\" \/>\n<link rel=\"canonical\" href=\"https:\/\/krajinaziva.sk\/en\/ocenena-ekofarma-gora-tam-kde-vitazi-kvalita-a-poctivost\/\" \/>\n<meta property=\"og:locale\" content=\"en_GB\" \/>\n<meta property=\"og:type\" content=\"article\" \/>\n<meta property=\"og:title\" content=\"Ocenen\u00e1 Ekofarma G\u00f3ra: Tam, kde v\u00ed\u0165az\u00ed kvalita a poctivos\u0165\u00a0 - Krajina \u017eiv\u00e1\" \/>\n<meta property=\"og:description\" content=\"Severne od najju\u017enej\u0161ieho a najmen\u0161ieho pohoria Slovenska \u2013 Burdy, z\u00e1padne od Ipe\u013eskej pahorkatiny odde\u013euj\u00facej Ipe\u013e od Hrona, v\u00fdchodne od sope\u010dn\u00e9ho pohoria B\u00f6rzs\u00f6ny na ma\u010farskej strane, v \u00fadol\u00ed rieky Ipe\u013e je Ekofarma G\u00f3ra. Hospod\u00e1ri na \u00factyhodn\u00fdch 860 ha, z toho 200 ha je v ich vlastn\u00edctve. A to je u\u017e v tejto malej kotline medzi n\u00edzkymi pohoriami vidie\u0165.\" \/>\n<meta property=\"og:url\" content=\"https:\/\/krajinaziva.sk\/en\/ocenena-ekofarma-gora-tam-kde-vitazi-kvalita-a-poctivost\/\" \/>\n<meta property=\"og:site_name\" content=\"Krajina \u017eiv\u00e1\" \/>\n<meta property=\"article:published_time\" content=\"2025-07-16T14:13:54+00:00\" \/>\n<meta property=\"article:modified_time\" content=\"2025-07-16T14:15:08+00:00\" \/>\n<meta property=\"og:image\" content=\"https:\/\/krajinaziva.sk\/wp-content\/uploads\/2025\/07\/DSC01884.jpg\" \/>\n\t<meta property=\"og:image:width\" content=\"1620\" \/>\n\t<meta property=\"og:image:height\" content=\"1080\" \/>\n\t<meta property=\"og:image:type\" content=\"image\/jpeg\" \/>\n<meta name=\"author\" content=\"Jakub Cibik\" \/>\n<meta name=\"twitter:card\" content=\"summary_large_image\" \/>\n<meta name=\"twitter:label1\" content=\"Written by\" \/>\n\t<meta name=\"twitter:data1\" content=\"Jakub Cibik\" \/>\n\t<meta name=\"twitter:label2\" content=\"Estimated reading time\" \/>\n\t<meta name=\"twitter:data2\" content=\"6 minutes\" \/>\n<script type=\"application\/ld+json\" class=\"yoast-schema-graph\">{\"@context\":\"https:\/\/schema.org\",\"@graph\":[{\"@type\":\"Article\",\"@id\":\"https:\/\/krajinaziva.sk\/ocenena-ekofarma-gora-tam-kde-vitazi-kvalita-a-poctivost\/#article\",\"isPartOf\":{\"@id\":\"https:\/\/krajinaziva.sk\/ocenena-ekofarma-gora-tam-kde-vitazi-kvalita-a-poctivost\/\"},\"author\":{\"name\":\"Jakub Cibik\",\"@id\":\"https:\/\/krajinaziva.sk\/#\/schema\/person\/4863f5ffac31749c679b3cde32db1c55\"},\"headline\":\"Ocenen\u00e1 Ekofarma G\u00f3ra: Tam, kde v\u00ed\u0165az\u00ed kvalita a poctivos\u0165\u00a0\",\"datePublished\":\"2025-07-16T14:13:54+00:00\",\"dateModified\":\"2025-07-16T14:15:08+00:00\",\"mainEntityOfPage\":{\"@id\":\"https:\/\/krajinaziva.sk\/ocenena-ekofarma-gora-tam-kde-vitazi-kvalita-a-poctivost\/\"},\"wordCount\":873,\"publisher\":{\"@id\":\"https:\/\/krajinaziva.sk\/#organization\"},\"image\":{\"@id\":\"https:\/\/krajinaziva.sk\/ocenena-ekofarma-gora-tam-kde-vitazi-kvalita-a-poctivost\/#primaryimage\"},\"thumbnailUrl\":\"https:\/\/krajinaziva.sk\/wp-content\/uploads\/2025\/07\/DSC01884.jpg\",\"articleSection\":[\"Uncategorized\"],\"inLanguage\":\"en-GB\"},{\"@type\":\"WebPage\",\"@id\":\"https:\/\/krajinaziva.sk\/ocenena-ekofarma-gora-tam-kde-vitazi-kvalita-a-poctivost\/\",\"url\":\"https:\/\/krajinaziva.sk\/ocenena-ekofarma-gora-tam-kde-vitazi-kvalita-a-poctivost\/\",\"name\":\"Ocenen\u00e1 Ekofarma G\u00f3ra: Tam, kde v\u00ed\u0165az\u00ed kvalita a poctivos\u0165\u00a0 - Krajina \u017eiv\u00e1\",\"isPartOf\":{\"@id\":\"https:\/\/krajinaziva.sk\/#website\"},\"primaryImageOfPage\":{\"@id\":\"https:\/\/krajinaziva.sk\/ocenena-ekofarma-gora-tam-kde-vitazi-kvalita-a-poctivost\/#primaryimage\"},\"image\":{\"@id\":\"https:\/\/krajinaziva.sk\/ocenena-ekofarma-gora-tam-kde-vitazi-kvalita-a-poctivost\/#primaryimage\"},\"thumbnailUrl\":\"https:\/\/krajinaziva.sk\/wp-content\/uploads\/2025\/07\/DSC01884.jpg\",\"datePublished\":\"2025-07-16T14:13:54+00:00\",\"dateModified\":\"2025-07-16T14:15:08+00:00\",\"description\":\"Severne od najju\u017enej\u0161ieho a najmen\u0161ieho pohoria Slovenska \u2013 Burdy, z\u00e1padne od Ipe\u013eskej pahorkatiny odde\u013euj\u00facej Ipe\u013e od Hrona, v\u00fdchodne od sope\u010dn\u00e9ho pohoria B\u00f6rzs\u00f6ny na ma\u010farskej strane, v \u00fadol\u00ed rieky Ipe\u013e je Ekofarma G\u00f3ra. Hospod\u00e1ri na \u00factyhodn\u00fdch 860 ha, z toho 200 ha je v ich vlastn\u00edctve. A to je u\u017e v tejto malej kotline medzi n\u00edzkymi pohoriami vidie\u0165.\",\"breadcrumb\":{\"@id\":\"https:\/\/krajinaziva.sk\/ocenena-ekofarma-gora-tam-kde-vitazi-kvalita-a-poctivost\/#breadcrumb\"},\"inLanguage\":\"en-GB\",\"potentialAction\":[{\"@type\":\"ReadAction\",\"target\":[\"https:\/\/krajinaziva.sk\/ocenena-ekofarma-gora-tam-kde-vitazi-kvalita-a-poctivost\/\"]}]},{\"@type\":\"ImageObject\",\"inLanguage\":\"en-GB\",\"@id\":\"https:\/\/krajinaziva.sk\/ocenena-ekofarma-gora-tam-kde-vitazi-kvalita-a-poctivost\/#primaryimage\",\"url\":\"https:\/\/krajinaziva.sk\/wp-content\/uploads\/2025\/07\/DSC01884.jpg\",\"contentUrl\":\"https:\/\/krajinaziva.sk\/wp-content\/uploads\/2025\/07\/DSC01884.jpg\",\"width\":1620,\"height\":1080},{\"@type\":\"BreadcrumbList\",\"@id\":\"https:\/\/krajinaziva.sk\/ocenena-ekofarma-gora-tam-kde-vitazi-kvalita-a-poctivost\/#breadcrumb\",\"itemListElement\":[{\"@type\":\"ListItem\",\"position\":1,\"name\":\"Home\",\"item\":\"https:\/\/krajinaziva.sk\/\"},{\"@type\":\"ListItem\",\"position\":2,\"name\":\"Ocenen\u00e1 Ekofarma G\u00f3ra: Tam, kde v\u00ed\u0165az\u00ed kvalita a poctivos\u0165\u00a0\"}]},{\"@type\":\"WebSite\",\"@id\":\"https:\/\/krajinaziva.sk\/#website\",\"url\":\"https:\/\/krajinaziva.sk\/\",\"name\":\"Krajina \u017eiv\u00e1\",\"description\":\"\u017div\u00e1 krajina prin\u00e1\u0161a hojnos\u0165 pre v\u0161etk\u00fdch\",\"publisher\":{\"@id\":\"https:\/\/krajinaziva.sk\/#organization\"},\"potentialAction\":[{\"@type\":\"SearchAction\",\"target\":{\"@type\":\"EntryPoint\",\"urlTemplate\":\"https:\/\/krajinaziva.sk\/?s={search_term_string}\"},\"query-input\":{\"@type\":\"PropertyValueSpecification\",\"valueRequired\":true,\"valueName\":\"search_term_string\"}}],\"inLanguage\":\"en-GB\"},{\"@type\":\"Organization\",\"@id\":\"https:\/\/krajinaziva.sk\/#organization\",\"name\":\"Krajina \u017eiv\u00e1\",\"url\":\"https:\/\/krajinaziva.sk\/\",\"logo\":{\"@type\":\"ImageObject\",\"inLanguage\":\"en-GB\",\"@id\":\"https:\/\/krajinaziva.sk\/#\/schema\/logo\/image\/\",\"url\":\"https:\/\/krajinaziva.sk\/wp-content\/uploads\/2026\/02\/2206_14_BROZ_Ktajina-ziva_1-43-2-1.png\",\"contentUrl\":\"https:\/\/krajinaziva.sk\/wp-content\/uploads\/2026\/02\/2206_14_BROZ_Ktajina-ziva_1-43-2-1.png\",\"width\":1080,\"height\":1080,\"caption\":\"Krajina \u017eiv\u00e1\"},\"image\":{\"@id\":\"https:\/\/krajinaziva.sk\/#\/schema\/logo\/image\/\"}},{\"@type\":\"Person\",\"@id\":\"https:\/\/krajinaziva.sk\/#\/schema\/person\/4863f5ffac31749c679b3cde32db1c55\",\"name\":\"Jakub Cibik\",\"image\":{\"@type\":\"ImageObject\",\"inLanguage\":\"en-GB\",\"@id\":\"https:\/\/krajinaziva.sk\/#\/schema\/person\/image\/\",\"url\":\"https:\/\/secure.gravatar.com\/avatar\/89b87096c4c29ae510ee715d1c86979a5a0a7c4994664d051d845737ab95c169?s=96&d=mm&r=g\",\"contentUrl\":\"https:\/\/secure.gravatar.com\/avatar\/89b87096c4c29ae510ee715d1c86979a5a0a7c4994664d051d845737ab95c169?s=96&d=mm&r=g\",\"caption\":\"Jakub Cibik\"},\"url\":\"https:\/\/krajinaziva.sk\/en\/author\/cibojak\/\"}]}<\/script>\n<!-- \/ Yoast SEO plugin. -->","yoast_head_json":{"title":"Ocenen\u00e1 Ekofarma G\u00f3ra: Tam, kde v\u00ed\u0165az\u00ed kvalita a poctivos\u0165\u00a0 - Krajina \u017eiv\u00e1","description":"Severne od najju\u017enej\u0161ieho a najmen\u0161ieho pohoria Slovenska \u2013 Burdy, z\u00e1padne od Ipe\u013eskej pahorkatiny odde\u013euj\u00facej Ipe\u013e od Hrona, v\u00fdchodne od sope\u010dn\u00e9ho pohoria B\u00f6rzs\u00f6ny na ma\u010farskej strane, v \u00fadol\u00ed rieky Ipe\u013e je Ekofarma G\u00f3ra. Hospod\u00e1ri na \u00factyhodn\u00fdch 860 ha, z toho 200 ha je v ich vlastn\u00edctve. A to je u\u017e v tejto malej kotline medzi n\u00edzkymi pohoriami vidie\u0165.","robots":{"index":"index","follow":"follow","max-snippet":"max-snippet:-1","max-image-preview":"max-image-preview:large","max-video-preview":"max-video-preview:-1"},"canonical":"https:\/\/krajinaziva.sk\/en\/ocenena-ekofarma-gora-tam-kde-vitazi-kvalita-a-poctivost\/","og_locale":"en_GB","og_type":"article","og_title":"Ocenen\u00e1 Ekofarma G\u00f3ra: Tam, kde v\u00ed\u0165az\u00ed kvalita a poctivos\u0165\u00a0 - Krajina \u017eiv\u00e1","og_description":"Severne od najju\u017enej\u0161ieho a najmen\u0161ieho pohoria Slovenska \u2013 Burdy, z\u00e1padne od Ipe\u013eskej pahorkatiny odde\u013euj\u00facej Ipe\u013e od Hrona, v\u00fdchodne od sope\u010dn\u00e9ho pohoria B\u00f6rzs\u00f6ny na ma\u010farskej strane, v \u00fadol\u00ed rieky Ipe\u013e je Ekofarma G\u00f3ra. Hospod\u00e1ri na \u00factyhodn\u00fdch 860 ha, z toho 200 ha je v ich vlastn\u00edctve. A to je u\u017e v tejto malej kotline medzi n\u00edzkymi pohoriami vidie\u0165.","og_url":"https:\/\/krajinaziva.sk\/en\/ocenena-ekofarma-gora-tam-kde-vitazi-kvalita-a-poctivost\/","og_site_name":"Krajina \u017eiv\u00e1","article_published_time":"2025-07-16T14:13:54+00:00","article_modified_time":"2025-07-16T14:15:08+00:00","og_image":[{"width":1620,"height":1080,"url":"https:\/\/krajinaziva.sk\/wp-content\/uploads\/2025\/07\/DSC01884.jpg","type":"image\/jpeg"}],"author":"Jakub Cibik","twitter_card":"summary_large_image","twitter_misc":{"Written by":"Jakub Cibik","Estimated reading time":"6 minutes"},"schema":{"@context":"https:\/\/schema.org","@graph":[{"@type":"Article","@id":"https:\/\/krajinaziva.sk\/ocenena-ekofarma-gora-tam-kde-vitazi-kvalita-a-poctivost\/#article","isPartOf":{"@id":"https:\/\/krajinaziva.sk\/ocenena-ekofarma-gora-tam-kde-vitazi-kvalita-a-poctivost\/"},"author":{"name":"Jakub Cibik","@id":"https:\/\/krajinaziva.sk\/#\/schema\/person\/4863f5ffac31749c679b3cde32db1c55"},"headline":"Ocenen\u00e1 Ekofarma G\u00f3ra: Tam, kde v\u00ed\u0165az\u00ed kvalita a poctivos\u0165\u00a0","datePublished":"2025-07-16T14:13:54+00:00","dateModified":"2025-07-16T14:15:08+00:00","mainEntityOfPage":{"@id":"https:\/\/krajinaziva.sk\/ocenena-ekofarma-gora-tam-kde-vitazi-kvalita-a-poctivost\/"},"wordCount":873,"publisher":{"@id":"https:\/\/krajinaziva.sk\/#organization"},"image":{"@id":"https:\/\/krajinaziva.sk\/ocenena-ekofarma-gora-tam-kde-vitazi-kvalita-a-poctivost\/#primaryimage"},"thumbnailUrl":"https:\/\/krajinaziva.sk\/wp-content\/uploads\/2025\/07\/DSC01884.jpg","articleSection":["Uncategorized"],"inLanguage":"en-GB"},{"@type":"WebPage","@id":"https:\/\/krajinaziva.sk\/ocenena-ekofarma-gora-tam-kde-vitazi-kvalita-a-poctivost\/","url":"https:\/\/krajinaziva.sk\/ocenena-ekofarma-gora-tam-kde-vitazi-kvalita-a-poctivost\/","name":"Ocenen\u00e1 Ekofarma G\u00f3ra: Tam, kde v\u00ed\u0165az\u00ed kvalita a poctivos\u0165\u00a0 - Krajina \u017eiv\u00e1","isPartOf":{"@id":"https:\/\/krajinaziva.sk\/#website"},"primaryImageOfPage":{"@id":"https:\/\/krajinaziva.sk\/ocenena-ekofarma-gora-tam-kde-vitazi-kvalita-a-poctivost\/#primaryimage"},"image":{"@id":"https:\/\/krajinaziva.sk\/ocenena-ekofarma-gora-tam-kde-vitazi-kvalita-a-poctivost\/#primaryimage"},"thumbnailUrl":"https:\/\/krajinaziva.sk\/wp-content\/uploads\/2025\/07\/DSC01884.jpg","datePublished":"2025-07-16T14:13:54+00:00","dateModified":"2025-07-16T14:15:08+00:00","description":"Severne od najju\u017enej\u0161ieho a najmen\u0161ieho pohoria Slovenska \u2013 Burdy, z\u00e1padne od Ipe\u013eskej pahorkatiny odde\u013euj\u00facej Ipe\u013e od Hrona, v\u00fdchodne od sope\u010dn\u00e9ho pohoria B\u00f6rzs\u00f6ny na ma\u010farskej strane, v \u00fadol\u00ed rieky Ipe\u013e je Ekofarma G\u00f3ra. Hospod\u00e1ri na \u00factyhodn\u00fdch 860 ha, z toho 200 ha je v ich vlastn\u00edctve. A to je u\u017e v tejto malej kotline medzi n\u00edzkymi pohoriami vidie\u0165.","breadcrumb":{"@id":"https:\/\/krajinaziva.sk\/ocenena-ekofarma-gora-tam-kde-vitazi-kvalita-a-poctivost\/#breadcrumb"},"inLanguage":"en-GB","potentialAction":[{"@type":"ReadAction","target":["https:\/\/krajinaziva.sk\/ocenena-ekofarma-gora-tam-kde-vitazi-kvalita-a-poctivost\/"]}]},{"@type":"ImageObject","inLanguage":"en-GB","@id":"https:\/\/krajinaziva.sk\/ocenena-ekofarma-gora-tam-kde-vitazi-kvalita-a-poctivost\/#primaryimage","url":"https:\/\/krajinaziva.sk\/wp-content\/uploads\/2025\/07\/DSC01884.jpg","contentUrl":"https:\/\/krajinaziva.sk\/wp-content\/uploads\/2025\/07\/DSC01884.jpg","width":1620,"height":1080},{"@type":"BreadcrumbList","@id":"https:\/\/krajinaziva.sk\/ocenena-ekofarma-gora-tam-kde-vitazi-kvalita-a-poctivost\/#breadcrumb","itemListElement":[{"@type":"ListItem","position":1,"name":"Home","item":"https:\/\/krajinaziva.sk\/"},{"@type":"ListItem","position":2,"name":"Ocenen\u00e1 Ekofarma G\u00f3ra: Tam, kde v\u00ed\u0165az\u00ed kvalita a poctivos\u0165\u00a0"}]},{"@type":"WebSite","@id":"https:\/\/krajinaziva.sk\/#website","url":"https:\/\/krajinaziva.sk\/","name":"Living landscape","description":"A living landscape brings wealth for all","publisher":{"@id":"https:\/\/krajinaziva.sk\/#organization"},"potentialAction":[{"@type":"SearchAction","target":{"@type":"EntryPoint","urlTemplate":"https:\/\/krajinaziva.sk\/?s={search_term_string}"},"query-input":{"@type":"PropertyValueSpecification","valueRequired":true,"valueName":"search_term_string"}}],"inLanguage":"en-GB"},{"@type":"Organization","@id":"https:\/\/krajinaziva.sk\/#organization","name":"Living landscape","url":"https:\/\/krajinaziva.sk\/","logo":{"@type":"ImageObject","inLanguage":"en-GB","@id":"https:\/\/krajinaziva.sk\/#\/schema\/logo\/image\/","url":"https:\/\/krajinaziva.sk\/wp-content\/uploads\/2026\/02\/2206_14_BROZ_Ktajina-ziva_1-43-2-1.png","contentUrl":"https:\/\/krajinaziva.sk\/wp-content\/uploads\/2026\/02\/2206_14_BROZ_Ktajina-ziva_1-43-2-1.png","width":1080,"height":1080,"caption":"Krajina \u017eiv\u00e1"},"image":{"@id":"https:\/\/krajinaziva.sk\/#\/schema\/logo\/image\/"}},{"@type":"Person","@id":"https:\/\/krajinaziva.sk\/#\/schema\/person\/4863f5ffac31749c679b3cde32db1c55","name":"Jakub Cibik","image":{"@type":"ImageObject","inLanguage":"en-GB","@id":"https:\/\/krajinaziva.sk\/#\/schema\/person\/image\/","url":"https:\/\/secure.gravatar.com\/avatar\/89b87096c4c29ae510ee715d1c86979a5a0a7c4994664d051d845737ab95c169?s=96&d=mm&r=g","contentUrl":"https:\/\/secure.gravatar.com\/avatar\/89b87096c4c29ae510ee715d1c86979a5a0a7c4994664d051d845737ab95c169?s=96&d=mm&r=g","caption":"Jakub Cibik"},"url":"https:\/\/krajinaziva.sk\/en\/author\/cibojak\/"}]}},"_links":{"self":[{"href":"https:\/\/krajinaziva.sk\/en\/wp-json\/wp\/v2\/posts\/6440","targetHints":{"allow":["GET"]}}],"collection":[{"href":"https:\/\/krajinaziva.sk\/en\/wp-json\/wp\/v2\/posts"}],"about":[{"href":"https:\/\/krajinaziva.sk\/en\/wp-json\/wp\/v2\/types\/post"}],"author":[{"embeddable":true,"href":"https:\/\/krajinaziva.sk\/en\/wp-json\/wp\/v2\/users\/4"}],"replies":[{"embeddable":true,"href":"https:\/\/krajinaziva.sk\/en\/wp-json\/wp\/v2\/comments?post=6440"}],"version-history":[{"count":2,"href":"https:\/\/krajinaziva.sk\/en\/wp-json\/wp\/v2\/posts\/6440\/revisions"}],"predecessor-version":[{"id":6451,"href":"https:\/\/krajinaziva.sk\/en\/wp-json\/wp\/v2\/posts\/6440\/revisions\/6451"}],"wp:featuredmedia":[{"embeddable":true,"href":"https:\/\/krajinaziva.sk\/en\/wp-json\/wp\/v2\/media\/6441"}],"wp:attachment":[{"href":"https:\/\/krajinaziva.sk\/en\/wp-json\/wp\/v2\/media?parent=6440"}],"wp:term":[{"taxonomy":"category","embeddable":true,"href":"https:\/\/krajinaziva.sk\/en\/wp-json\/wp\/v2\/categories?post=6440"},{"taxonomy":"post_tag","embeddable":true,"href":"https:\/\/krajinaziva.sk\/en\/wp-json\/wp\/v2\/tags?post=6440"},{"taxonomy":"citadela-post-location","embeddable":true,"href":"https:\/\/krajinaziva.sk\/en\/wp-json\/wp\/v2\/citadela-post-location?post=6440"}],"curies":[{"name":"wp","href":"https:\/\/api.w.org\/{rel}","templated":true}]}}