{"id":4742,"date":"2024-01-18T19:06:24","date_gmt":"2024-01-18T18:06:24","guid":{"rendered":"https:\/\/krajinaziva.sk\/?p=4742"},"modified":"2024-01-18T19:06:26","modified_gmt":"2024-01-18T18:06:26","slug":"v-novom-roku-s-novou-fb-strankou","status":"publish","type":"post","link":"https:\/\/krajinaziva.sk\/en\/v-novom-roku-s-novou-fb-strankou\/","title":{"rendered":"V novom roku s novou FB str\u00e1nkou"},"content":{"rendered":"<p>Mil\u00ed priaznivci a priaznivkyne pr\u00edrode bl\u00edzkeho hospod\u00e1renia, koncom minul\u00e9ho roka sa n\u00e1m stala tak\u00e1 nemil\u00e1 vec &#8211; z Facebooku n\u00e1m bez stopy zmizla str\u00e1nka programu Krajina \u017eiv\u00e1. Museli sme zalo\u017ei\u0165 nov\u00fa a fan\u00fa\u0161ikovsk\u00fa z\u00e1klad\u0148u budujeme op\u00e4\u0165 od nuly. Radi by sme v\u00e1s preto poprosili, aby ste n\u00e1m dali &#8220;Like&#8221; a &#8220;Follow&#8221; na <a href=\"https:\/\/www.facebook.com\/krajinazivask?__cft__[0]=AZW4bAmp6YgMUeTvT8v51h83RkchSK7DaNLudfPnwmwEGLJyEbdbqF4jmveX74YRMea7Y2cEvaTWuRwj71s43uZ3LByqTQdpuue4rntcjSYHCoxxzdEk2AvoA0apyXo74bRPUWxKVSYnG5jtbO8mAgCbtgsT5vyU5ZvAcFLi0jCGpg&amp;__tn__=-]K-R\">Living landscape<\/a>. <img decoding=\"async\" height=\"16\" width=\"16\" src=\"https:\/\/static.xx.fbcdn.net\/images\/emoji.php\/v9\/td9\/1.5\/16\/1f64f.png\" alt=\"\ud83d\ude4f\"><\/p>\n\n\n\n<p>O \u010cOM JE PROGRAM KRAJINA \u017dIV\u00c1<img decoding=\"async\" height=\"16\" width=\"16\" alt=\"\u2753\" src=\"https:\/\/static.xx.fbcdn.net\/images\/emoji.php\/v9\/td3\/1.5\/16\/2753.png\"><\/p>\n\n\n\n<p>Uvedomujeme si, \u017ee pestros\u0165 a zdravie na\u0161ej krajiny le\u017e\u00ed do zna\u010dnej miery v ruk\u00e1ch po\u013enohospod\u00e1rov. Sme si tie\u017e plne vedom\u00ed toho, \u017ee svojou \u010dinnos\u0165ou zabezpe\u010duj\u00fa jednu z na\u0161ich najz\u00e1kladnej\u0161\u00edch potrieb, produkciu potrav\u00edn. Pr\u00edrode bl\u00edzkemu hospod\u00e1reniu a jeho benefitom pre krajinu a \u013eud\u00ed, sa v\u0161ak dost\u00e1va m\u00e1lo pozornosti. Okrem toho, poctiv\u00ed farm\u00e1ri \u010dasto nar\u00e1\u017eaj\u00fa na mno\u017estvo syst\u00e9mov\u00fdch a byrokratick\u00fdch prek\u00e1\u017eok, ktor\u00e9 obmedzuj\u00fa ich po\u013enohospod\u00e1rsku \u010dinnos\u0165. Na\u0161im cie\u013eom je preto prispie\u0165 k zmene tejto situ\u00e1cie a zvidite\u013eni\u0165 farmy, ktor\u00e9 vn\u00edmaj\u00fa priazniv\u00fd stav krajiny ako jednu z k\u013e\u00fa\u010dov\u00fdch prior\u00edt.<\/p>\n\n\n\n<p>\u010cO ROB\u00cdME<img decoding=\"async\" height=\"16\" width=\"16\" alt=\"\u2753\" src=\"https:\/\/static.xx.fbcdn.net\/images\/emoji.php\/v9\/td3\/1.5\/16\/2753.png\"><\/p>\n\n\n\n<p><img decoding=\"async\" height=\"16\" width=\"16\" alt=\"\ud83d\udc40\" src=\"https:\/\/static.xx.fbcdn.net\/images\/emoji.php\/v9\/t21\/1.5\/16\/1f440.png\"> zvidite\u013e\u0148ujeme po\u013enohospod\u00e1rov, ktor\u00fdm okrem produkcie potrav\u00edn z\u00e1le\u017e\u00ed aj na stave krajiny, ktor\u00fa obhospodaruj\u00fa. Za t\u00fdmto \u00fa\u010delom sme na <a href=\"https:\/\/l.facebook.com\/l.php?u=http%3A%2F%2Fwww.krajinaziva.sk%2F%3Ffbclid%3DIwAR13QTj3A0AEQv5tFhXnIk0rQCR423_676-L5PvqHhD1GrirHhA-nO0F9UA&amp;h=AT1TMx5liTTlaG1j4VR6Vs1Y3wZ3Cx7stkDtMyBxg-H7Ul-VfXeMyBRN-htTMjH_rr51WgeeaZS6EJ8VusG8c2D1slAk2og8RFR-_2pKXQoup3h8Qq8_cegsxY_28PZEqQv-&amp;__tn__=-UK-R&amp;c[0]=AT1IUI1LqxsJFUmIPGJYShzDotkNfMotMMGgFrFaRCGnoHbvotDk0IWWgeVykwFFK43uQcfkcOYpLVYEvXv3r5shL_kIcKYH0TnkVmj1kVFgNr2lX2YVbHEw_6JyMPR3Kp9hh7Ozv8EsQvbzP1y_Iti0GzhFTA9JI799uE3gPyowg_ZuRGPCCA\" rel=\"noreferrer noopener\" target=\"_blank\">www.krajinaziva.sk<\/a> vytvorili mapu, na ktorej spotrebitelia n\u00e1jdu kontakty na zodpovedn\u00fdch chovate\u013eov a pestovate\u013eov vo svojom okol\u00ed<\/p>\n\n\n\n<p><img loading=\"lazy\" decoding=\"async\" height=\"16\" width=\"16\" alt=\"\ud83c\udfc5\" src=\"https:\/\/static.xx.fbcdn.net\/images\/emoji.php\/v9\/t96\/1.5\/16\/1f3c5.png\"> vyzdvihujeme tie najlep\u0161ie pr\u00edklady dobrej praxe prostredn\u00edctvom ocenenia &#8220;Farma \u017eiv\u00e1&#8221;<\/p>\n\n\n\n<p><img loading=\"lazy\" decoding=\"async\" height=\"16\" width=\"16\" alt=\"\ud83d\udc69\u200d\ud83c\udf93\" src=\"https:\/\/static.xx.fbcdn.net\/images\/emoji.php\/v9\/t98\/1.5\/16\/1f469_200d_1f393.png\">sp\u00e1jame po\u013enohospod\u00e1rov a ochran\u00e1rov s podobn\u00fdm zm\u00fd\u0161\u013ean\u00edm a organizujeme spolo\u010dn\u00e9 vzdel\u00e1vacie aktivity v podobe semin\u00e1rov, workshopov \u010di ter\u00e9nnych exkurzii<\/p>\n\n\n\n<p><img loading=\"lazy\" decoding=\"async\" height=\"16\" width=\"16\" alt=\"\ud83d\udc04\" src=\"https:\/\/static.xx.fbcdn.net\/images\/emoji.php\/v9\/ta9\/1.5\/16\/1f404.png\"> pom\u00e1hame farm\u00e1rom rie\u0161i\u0165 praktick\u00e9 probl\u00e9my spojen\u00e9 s pr\u00edrode bl\u00edzkym hospod\u00e1ren\u00edm .<\/p>\n\n\n\n<p>\u010cO V\u00c1S \u010cAK\u00c1 NA NA\u0160EJ FB STR\u00c1NKE<img decoding=\"async\" height=\"16\" width=\"16\" alt=\"\u2753\" src=\"https:\/\/static.xx.fbcdn.net\/images\/emoji.php\/v9\/td3\/1.5\/16\/2753.png\"><\/p>\n\n\n\n<p>Mno\u017estvo pr\u00edbehov zo skvel\u00fdch slovensk\u00fdch fariem, p\u00fatav\u00e9 inform\u00e1cie o prep\u00e1jan\u00ed ochrany pr\u00edrody s hospod\u00e1ren\u00edm v krajine, foto- a videoreport\u00e1\u017ee, pozv\u00e1nky na zauj\u00edmav\u00e9 akcie, \u010derstv\u00e9 novinky od na\u0161ich farm\u00e1rov a omnoho viac<img loading=\"lazy\" decoding=\"async\" height=\"16\" width=\"16\" alt=\"\u2757\ufe0f\" src=\"https:\/\/static.xx.fbcdn.net\/images\/emoji.php\/v9\/td7\/1.5\/16\/2757.png\"><img loading=\"lazy\" decoding=\"async\" height=\"16\" width=\"16\" alt=\"\ud83d\ude42\" src=\"https:\/\/static.xx.fbcdn.net\/images\/emoji.php\/v9\/ta5\/1.5\/16\/1f642.png\"><\/p>","protected":false},"excerpt":{"rendered":"<p>Mil\u00ed priaznivci a priaznivkyne pr\u00edrode bl\u00edzkeho hospod\u00e1renia, koncom minul\u00e9ho roka sa n\u00e1m stala tak\u00e1 nemil\u00e1 vec &#8211; z Facebooku n\u00e1m bez stopy zmizla str\u00e1nka programu Krajina \u017eiv\u00e1. Museli sme zalo\u017ei\u0165 nov\u00fa a fan\u00fa\u0161ikovsk\u00fa&hellip;<\/p>","protected":false},"author":4,"featured_media":4743,"comment_status":"closed","ping_status":"closed","sticky":false,"template":"","format":"standard","meta":{"give_campaign_id":0,"_monsterinsights_skip_tracking":false,"_monsterinsights_sitenote_active":false,"_monsterinsights_sitenote_note":"","_monsterinsights_sitenote_category":0,"footnotes":""},"categories":[1],"tags":[86],"class_list":["post-4742","post","type-post","status-publish","format-standard","has-post-thumbnail","hentry","category-uncategorized","tag-krajina-ziva"],"yoast_head":"<!-- This site is optimized with the Yoast SEO plugin v26.4 - https:\/\/yoast.com\/wordpress\/plugins\/seo\/ -->\n<title>V novom roku s novou FB str\u00e1nkou - Krajina \u017eiv\u00e1<\/title>\n<meta name=\"robots\" content=\"index, follow, max-snippet:-1, max-image-preview:large, max-video-preview:-1\" \/>\n<link rel=\"canonical\" href=\"https:\/\/krajinaziva.sk\/en\/v-novom-roku-s-novou-fb-strankou\/\" \/>\n<meta property=\"og:locale\" content=\"en_GB\" \/>\n<meta property=\"og:type\" content=\"article\" \/>\n<meta property=\"og:title\" content=\"V novom roku s novou FB str\u00e1nkou - Krajina \u017eiv\u00e1\" \/>\n<meta property=\"og:description\" content=\"Mil\u00ed priaznivci a priaznivkyne pr\u00edrode bl\u00edzkeho hospod\u00e1renia, koncom minul\u00e9ho roka sa n\u00e1m stala tak\u00e1 nemil\u00e1 vec &#8211; z Facebooku n\u00e1m bez stopy zmizla str\u00e1nka programu Krajina \u017eiv\u00e1. Museli sme zalo\u017ei\u0165 nov\u00fa a fan\u00fa\u0161ikovsk\u00fa&hellip;\" \/>\n<meta property=\"og:url\" content=\"https:\/\/krajinaziva.sk\/en\/v-novom-roku-s-novou-fb-strankou\/\" \/>\n<meta property=\"og:site_name\" content=\"Krajina \u017eiv\u00e1\" \/>\n<meta property=\"article:published_time\" content=\"2024-01-18T18:06:24+00:00\" \/>\n<meta property=\"article:modified_time\" content=\"2024-01-18T18:06:26+00:00\" \/>\n<meta property=\"og:image\" content=\"https:\/\/krajinaziva.sk\/wp-content\/uploads\/2024\/01\/KZ_post-scaled.jpg\" \/>\n\t<meta property=\"og:image:width\" content=\"2560\" \/>\n\t<meta property=\"og:image:height\" content=\"1707\" \/>\n\t<meta property=\"og:image:type\" content=\"image\/jpeg\" \/>\n<meta name=\"author\" content=\"Jakub Cibik\" \/>\n<meta name=\"twitter:card\" content=\"summary_large_image\" \/>\n<meta name=\"twitter:label1\" content=\"Written by\" \/>\n\t<meta name=\"twitter:data1\" content=\"Jakub Cibik\" \/>\n\t<meta name=\"twitter:label2\" content=\"Estimated reading time\" \/>\n\t<meta name=\"twitter:data2\" content=\"4 minutes\" \/>\n<script type=\"application\/ld+json\" class=\"yoast-schema-graph\">{\"@context\":\"https:\/\/schema.org\",\"@graph\":[{\"@type\":\"Article\",\"@id\":\"https:\/\/krajinaziva.sk\/v-novom-roku-s-novou-fb-strankou\/#article\",\"isPartOf\":{\"@id\":\"https:\/\/krajinaziva.sk\/v-novom-roku-s-novou-fb-strankou\/\"},\"author\":{\"name\":\"Jakub Cibik\",\"@id\":\"https:\/\/krajinaziva.sk\/#\/schema\/person\/4863f5ffac31749c679b3cde32db1c55\"},\"headline\":\"V novom roku s novou FB str\u00e1nkou\",\"datePublished\":\"2024-01-18T18:06:24+00:00\",\"dateModified\":\"2024-01-18T18:06:26+00:00\",\"mainEntityOfPage\":{\"@id\":\"https:\/\/krajinaziva.sk\/v-novom-roku-s-novou-fb-strankou\/\"},\"wordCount\":368,\"publisher\":{\"@id\":\"https:\/\/krajinaziva.sk\/#organization\"},\"image\":{\"@id\":\"https:\/\/krajinaziva.sk\/v-novom-roku-s-novou-fb-strankou\/#primaryimage\"},\"thumbnailUrl\":\"https:\/\/krajinaziva.sk\/wp-content\/uploads\/2024\/01\/KZ_post-scaled.jpg\",\"keywords\":[\"krajina \u017eiv\u00e1\"],\"articleSection\":[\"Uncategorized\"],\"inLanguage\":\"en-GB\"},{\"@type\":\"WebPage\",\"@id\":\"https:\/\/krajinaziva.sk\/v-novom-roku-s-novou-fb-strankou\/\",\"url\":\"https:\/\/krajinaziva.sk\/v-novom-roku-s-novou-fb-strankou\/\",\"name\":\"V novom roku s novou FB str\u00e1nkou - Krajina \u017eiv\u00e1\",\"isPartOf\":{\"@id\":\"https:\/\/krajinaziva.sk\/#website\"},\"primaryImageOfPage\":{\"@id\":\"https:\/\/krajinaziva.sk\/v-novom-roku-s-novou-fb-strankou\/#primaryimage\"},\"image\":{\"@id\":\"https:\/\/krajinaziva.sk\/v-novom-roku-s-novou-fb-strankou\/#primaryimage\"},\"thumbnailUrl\":\"https:\/\/krajinaziva.sk\/wp-content\/uploads\/2024\/01\/KZ_post-scaled.jpg\",\"datePublished\":\"2024-01-18T18:06:24+00:00\",\"dateModified\":\"2024-01-18T18:06:26+00:00\",\"breadcrumb\":{\"@id\":\"https:\/\/krajinaziva.sk\/v-novom-roku-s-novou-fb-strankou\/#breadcrumb\"},\"inLanguage\":\"en-GB\",\"potentialAction\":[{\"@type\":\"ReadAction\",\"target\":[\"https:\/\/krajinaziva.sk\/v-novom-roku-s-novou-fb-strankou\/\"]}]},{\"@type\":\"ImageObject\",\"inLanguage\":\"en-GB\",\"@id\":\"https:\/\/krajinaziva.sk\/v-novom-roku-s-novou-fb-strankou\/#primaryimage\",\"url\":\"https:\/\/krajinaziva.sk\/wp-content\/uploads\/2024\/01\/KZ_post-scaled.jpg\",\"contentUrl\":\"https:\/\/krajinaziva.sk\/wp-content\/uploads\/2024\/01\/KZ_post-scaled.jpg\",\"width\":1920,\"height\":1280},{\"@type\":\"BreadcrumbList\",\"@id\":\"https:\/\/krajinaziva.sk\/v-novom-roku-s-novou-fb-strankou\/#breadcrumb\",\"itemListElement\":[{\"@type\":\"ListItem\",\"position\":1,\"name\":\"Home\",\"item\":\"https:\/\/krajinaziva.sk\/\"},{\"@type\":\"ListItem\",\"position\":2,\"name\":\"V novom roku s novou FB str\u00e1nkou\"}]},{\"@type\":\"WebSite\",\"@id\":\"https:\/\/krajinaziva.sk\/#website\",\"url\":\"https:\/\/krajinaziva.sk\/\",\"name\":\"Krajina \u017eiv\u00e1\",\"description\":\"\u017div\u00e1 krajina prin\u00e1\u0161a hojnos\u0165 pre v\u0161etk\u00fdch\",\"publisher\":{\"@id\":\"https:\/\/krajinaziva.sk\/#organization\"},\"potentialAction\":[{\"@type\":\"SearchAction\",\"target\":{\"@type\":\"EntryPoint\",\"urlTemplate\":\"https:\/\/krajinaziva.sk\/?s={search_term_string}\"},\"query-input\":{\"@type\":\"PropertyValueSpecification\",\"valueRequired\":true,\"valueName\":\"search_term_string\"}}],\"inLanguage\":\"en-GB\"},{\"@type\":\"Organization\",\"@id\":\"https:\/\/krajinaziva.sk\/#organization\",\"name\":\"Krajina \u017eiv\u00e1\",\"url\":\"https:\/\/krajinaziva.sk\/\",\"logo\":{\"@type\":\"ImageObject\",\"inLanguage\":\"en-GB\",\"@id\":\"https:\/\/krajinaziva.sk\/#\/schema\/logo\/image\/\",\"url\":\"https:\/\/krajinaziva.sk\/wp-content\/uploads\/2026\/02\/2206_14_BROZ_Ktajina-ziva_1-43-2-1.png\",\"contentUrl\":\"https:\/\/krajinaziva.sk\/wp-content\/uploads\/2026\/02\/2206_14_BROZ_Ktajina-ziva_1-43-2-1.png\",\"width\":1080,\"height\":1080,\"caption\":\"Krajina \u017eiv\u00e1\"},\"image\":{\"@id\":\"https:\/\/krajinaziva.sk\/#\/schema\/logo\/image\/\"}},{\"@type\":\"Person\",\"@id\":\"https:\/\/krajinaziva.sk\/#\/schema\/person\/4863f5ffac31749c679b3cde32db1c55\",\"name\":\"Jakub Cibik\",\"image\":{\"@type\":\"ImageObject\",\"inLanguage\":\"en-GB\",\"@id\":\"https:\/\/krajinaziva.sk\/#\/schema\/person\/image\/\",\"url\":\"https:\/\/secure.gravatar.com\/avatar\/89b87096c4c29ae510ee715d1c86979a5a0a7c4994664d051d845737ab95c169?s=96&d=mm&r=g\",\"contentUrl\":\"https:\/\/secure.gravatar.com\/avatar\/89b87096c4c29ae510ee715d1c86979a5a0a7c4994664d051d845737ab95c169?s=96&d=mm&r=g\",\"caption\":\"Jakub Cibik\"},\"url\":\"https:\/\/krajinaziva.sk\/en\/author\/cibojak\/\"}]}<\/script>\n<!-- \/ Yoast SEO plugin. -->","yoast_head_json":{"title":"V novom roku s novou FB str\u00e1nkou - Krajina \u017eiv\u00e1","robots":{"index":"index","follow":"follow","max-snippet":"max-snippet:-1","max-image-preview":"max-image-preview:large","max-video-preview":"max-video-preview:-1"},"canonical":"https:\/\/krajinaziva.sk\/en\/v-novom-roku-s-novou-fb-strankou\/","og_locale":"en_GB","og_type":"article","og_title":"V novom roku s novou FB str\u00e1nkou - Krajina \u017eiv\u00e1","og_description":"Mil\u00ed priaznivci a priaznivkyne pr\u00edrode bl\u00edzkeho hospod\u00e1renia, koncom minul\u00e9ho roka sa n\u00e1m stala tak\u00e1 nemil\u00e1 vec &#8211; z Facebooku n\u00e1m bez stopy zmizla str\u00e1nka programu Krajina \u017eiv\u00e1. Museli sme zalo\u017ei\u0165 nov\u00fa a fan\u00fa\u0161ikovsk\u00fa&hellip;","og_url":"https:\/\/krajinaziva.sk\/en\/v-novom-roku-s-novou-fb-strankou\/","og_site_name":"Krajina \u017eiv\u00e1","article_published_time":"2024-01-18T18:06:24+00:00","article_modified_time":"2024-01-18T18:06:26+00:00","og_image":[{"width":2560,"height":1707,"url":"https:\/\/krajinaziva.sk\/wp-content\/uploads\/2024\/01\/KZ_post-scaled.jpg","type":"image\/jpeg"}],"author":"Jakub Cibik","twitter_card":"summary_large_image","twitter_misc":{"Written by":"Jakub Cibik","Estimated reading time":"4 minutes"},"schema":{"@context":"https:\/\/schema.org","@graph":[{"@type":"Article","@id":"https:\/\/krajinaziva.sk\/v-novom-roku-s-novou-fb-strankou\/#article","isPartOf":{"@id":"https:\/\/krajinaziva.sk\/v-novom-roku-s-novou-fb-strankou\/"},"author":{"name":"Jakub Cibik","@id":"https:\/\/krajinaziva.sk\/#\/schema\/person\/4863f5ffac31749c679b3cde32db1c55"},"headline":"V novom roku s novou FB str\u00e1nkou","datePublished":"2024-01-18T18:06:24+00:00","dateModified":"2024-01-18T18:06:26+00:00","mainEntityOfPage":{"@id":"https:\/\/krajinaziva.sk\/v-novom-roku-s-novou-fb-strankou\/"},"wordCount":368,"publisher":{"@id":"https:\/\/krajinaziva.sk\/#organization"},"image":{"@id":"https:\/\/krajinaziva.sk\/v-novom-roku-s-novou-fb-strankou\/#primaryimage"},"thumbnailUrl":"https:\/\/krajinaziva.sk\/wp-content\/uploads\/2024\/01\/KZ_post-scaled.jpg","keywords":["krajina \u017eiv\u00e1"],"articleSection":["Uncategorized"],"inLanguage":"en-GB"},{"@type":"WebPage","@id":"https:\/\/krajinaziva.sk\/v-novom-roku-s-novou-fb-strankou\/","url":"https:\/\/krajinaziva.sk\/v-novom-roku-s-novou-fb-strankou\/","name":"V novom roku s novou FB str\u00e1nkou - Krajina \u017eiv\u00e1","isPartOf":{"@id":"https:\/\/krajinaziva.sk\/#website"},"primaryImageOfPage":{"@id":"https:\/\/krajinaziva.sk\/v-novom-roku-s-novou-fb-strankou\/#primaryimage"},"image":{"@id":"https:\/\/krajinaziva.sk\/v-novom-roku-s-novou-fb-strankou\/#primaryimage"},"thumbnailUrl":"https:\/\/krajinaziva.sk\/wp-content\/uploads\/2024\/01\/KZ_post-scaled.jpg","datePublished":"2024-01-18T18:06:24+00:00","dateModified":"2024-01-18T18:06:26+00:00","breadcrumb":{"@id":"https:\/\/krajinaziva.sk\/v-novom-roku-s-novou-fb-strankou\/#breadcrumb"},"inLanguage":"en-GB","potentialAction":[{"@type":"ReadAction","target":["https:\/\/krajinaziva.sk\/v-novom-roku-s-novou-fb-strankou\/"]}]},{"@type":"ImageObject","inLanguage":"en-GB","@id":"https:\/\/krajinaziva.sk\/v-novom-roku-s-novou-fb-strankou\/#primaryimage","url":"https:\/\/krajinaziva.sk\/wp-content\/uploads\/2024\/01\/KZ_post-scaled.jpg","contentUrl":"https:\/\/krajinaziva.sk\/wp-content\/uploads\/2024\/01\/KZ_post-scaled.jpg","width":1920,"height":1280},{"@type":"BreadcrumbList","@id":"https:\/\/krajinaziva.sk\/v-novom-roku-s-novou-fb-strankou\/#breadcrumb","itemListElement":[{"@type":"ListItem","position":1,"name":"Home","item":"https:\/\/krajinaziva.sk\/"},{"@type":"ListItem","position":2,"name":"V novom roku s novou FB str\u00e1nkou"}]},{"@type":"WebSite","@id":"https:\/\/krajinaziva.sk\/#website","url":"https:\/\/krajinaziva.sk\/","name":"Living landscape","description":"A living landscape brings wealth for all","publisher":{"@id":"https:\/\/krajinaziva.sk\/#organization"},"potentialAction":[{"@type":"SearchAction","target":{"@type":"EntryPoint","urlTemplate":"https:\/\/krajinaziva.sk\/?s={search_term_string}"},"query-input":{"@type":"PropertyValueSpecification","valueRequired":true,"valueName":"search_term_string"}}],"inLanguage":"en-GB"},{"@type":"Organization","@id":"https:\/\/krajinaziva.sk\/#organization","name":"Living landscape","url":"https:\/\/krajinaziva.sk\/","logo":{"@type":"ImageObject","inLanguage":"en-GB","@id":"https:\/\/krajinaziva.sk\/#\/schema\/logo\/image\/","url":"https:\/\/krajinaziva.sk\/wp-content\/uploads\/2026\/02\/2206_14_BROZ_Ktajina-ziva_1-43-2-1.png","contentUrl":"https:\/\/krajinaziva.sk\/wp-content\/uploads\/2026\/02\/2206_14_BROZ_Ktajina-ziva_1-43-2-1.png","width":1080,"height":1080,"caption":"Krajina \u017eiv\u00e1"},"image":{"@id":"https:\/\/krajinaziva.sk\/#\/schema\/logo\/image\/"}},{"@type":"Person","@id":"https:\/\/krajinaziva.sk\/#\/schema\/person\/4863f5ffac31749c679b3cde32db1c55","name":"Jakub Cibik","image":{"@type":"ImageObject","inLanguage":"en-GB","@id":"https:\/\/krajinaziva.sk\/#\/schema\/person\/image\/","url":"https:\/\/secure.gravatar.com\/avatar\/89b87096c4c29ae510ee715d1c86979a5a0a7c4994664d051d845737ab95c169?s=96&d=mm&r=g","contentUrl":"https:\/\/secure.gravatar.com\/avatar\/89b87096c4c29ae510ee715d1c86979a5a0a7c4994664d051d845737ab95c169?s=96&d=mm&r=g","caption":"Jakub Cibik"},"url":"https:\/\/krajinaziva.sk\/en\/author\/cibojak\/"}]}},"_links":{"self":[{"href":"https:\/\/krajinaziva.sk\/en\/wp-json\/wp\/v2\/posts\/4742","targetHints":{"allow":["GET"]}}],"collection":[{"href":"https:\/\/krajinaziva.sk\/en\/wp-json\/wp\/v2\/posts"}],"about":[{"href":"https:\/\/krajinaziva.sk\/en\/wp-json\/wp\/v2\/types\/post"}],"author":[{"embeddable":true,"href":"https:\/\/krajinaziva.sk\/en\/wp-json\/wp\/v2\/users\/4"}],"replies":[{"embeddable":true,"href":"https:\/\/krajinaziva.sk\/en\/wp-json\/wp\/v2\/comments?post=4742"}],"version-history":[{"count":2,"href":"https:\/\/krajinaziva.sk\/en\/wp-json\/wp\/v2\/posts\/4742\/revisions"}],"predecessor-version":[{"id":4745,"href":"https:\/\/krajinaziva.sk\/en\/wp-json\/wp\/v2\/posts\/4742\/revisions\/4745"}],"wp:featuredmedia":[{"embeddable":true,"href":"https:\/\/krajinaziva.sk\/en\/wp-json\/wp\/v2\/media\/4743"}],"wp:attachment":[{"href":"https:\/\/krajinaziva.sk\/en\/wp-json\/wp\/v2\/media?parent=4742"}],"wp:term":[{"taxonomy":"category","embeddable":true,"href":"https:\/\/krajinaziva.sk\/en\/wp-json\/wp\/v2\/categories?post=4742"},{"taxonomy":"post_tag","embeddable":true,"href":"https:\/\/krajinaziva.sk\/en\/wp-json\/wp\/v2\/tags?post=4742"}],"curies":[{"name":"wp","href":"https:\/\/api.w.org\/{rel}","templated":true}]}}