{"id":4527,"date":"2023-12-17T15:44:16","date_gmt":"2023-12-17T14:44:16","guid":{"rendered":"https:\/\/krajinaziva.sk\/?p=4527"},"modified":"2023-12-17T17:13:27","modified_gmt":"2023-12-17T16:13:27","slug":"agrospol-hradova-ovcie-syry-z-tisovca-sysle-a-medvede","status":"publish","type":"post","link":"https:\/\/krajinaziva.sk\/en\/agrospol-hradova-ovcie-syry-z-tisovca-sysle-a-medvede\/","title":{"rendered":"Agrospol Hradov\u00e1: Ov\u010die syry z Tisovca, sysle a medvede"},"content":{"rendered":"<div data-elementor-type=\"wp-post\" data-elementor-id=\"4527\" class=\"elementor elementor-4527\">\n\t\t\t\t\t\t<section class=\"elementor-section elementor-top-section elementor-element elementor-element-1b81485 elementor-section-boxed elementor-section-height-default elementor-section-height-default\" data-id=\"1b81485\" data-element_type=\"section\">\n\t\t\t\t\t\t<div class=\"elementor-container elementor-column-gap-extended\">\n\t\t\t\t\t<div class=\"elementor-column elementor-col-100 elementor-top-column elementor-element elementor-element-1cc3724 sc_inner_width_none sc_content_align_inherit sc_layouts_column_icons_position_left\" data-id=\"1cc3724\" data-element_type=\"column\">\n\t\t\t<div class=\"elementor-widget-wrap elementor-element-populated\">\n\t\t\t\t\t\t<div class=\"elementor-element elementor-element-b8b4fc0 sc_fly_static elementor-widget elementor-widget-text-editor\" data-id=\"b8b4fc0\" data-element_type=\"widget\" data-widget_type=\"text-editor.default\">\n\t\t\t\t<div class=\"elementor-widget-container\">\n\t\t\t\t\t\t\t\t\tAko \u010fal\u0161iu z ocenen\u00fdch fariem v 1. ro\u010dn\u00edku Farma \u017eiv\u00e1 sme nav\u0161t\u00edvili Agrospol Hradov\u00e1 v Tisovci. Radi v\u00e1m ju predstav\u00edme, nala\u010fte sa.\n<\/p>\n\n<iframe width=\"1024\" height=\"677\" src=\"https:\/\/www.youtube.com\/embed\/cdwhX1_2RnM?si=N-BBSNeH7-YhE4G6\" title=\"YouTube video player\" frameborder=\"0\" allow=\"accelerometer; autoplay; clipboard-write; encrypted-media; gyroscope; picture-in-picture; web-share\" allowfullscreen><\/iframe>\n<\/p>\n\nPod nohami rozkvitnut\u00e1 l\u00faka, kr\u00e1sny v\u00fdh\u013ead na okolit\u00e9 kopce. Oblaky sa lenivo preva\u013euj\u00fa v doline a zvonce ove\u010diek po\u010du\u0165 do\u010faleka. Za nimi kr\u00e1\u010da ba\u010da so svojim psom. Na farme Agrospol Hradov\u00e1 v Tisovci n\u00e1jdeme mnoho poh\u013eadov tak typick\u00fdch pre slovensk\u00fa krajinu. Ko\u013eko pr\u00e1ce sa ale za t\u00fdm v\u0161etk\u00fdm skr\u00fdva, je pre laika \u010dasto \u0165a\u017eko predstavite\u013en\u00e9.\n<\/p>\n\n<img fetchpriority=\"high\" decoding=\"async\" class=\"alignnone size-large wp-image-4532\" src=\"https:\/\/krajinaziva.sk\/wp-content\/uploads\/2023\/12\/1-1-1024x683.jpg\" alt=\"\" width=\"1024\" height=\"683\" srcset=\"https:\/\/krajinaziva.sk\/wp-content\/uploads\/2023\/12\/1-1-1024x683.jpg 1024w, https:\/\/krajinaziva.sk\/wp-content\/uploads\/2023\/12\/1-1-300x200.jpg 300w, https:\/\/krajinaziva.sk\/wp-content\/uploads\/2023\/12\/1-1-768x512.jpg 768w, https:\/\/krajinaziva.sk\/wp-content\/uploads\/2023\/12\/1-1-1536x1024.jpg 1536w, https:\/\/krajinaziva.sk\/wp-content\/uploads\/2023\/12\/1-1-2048x1365.jpg 2048w, https:\/\/krajinaziva.sk\/wp-content\/uploads\/2023\/12\/1-1-370x247.jpg 370w, https:\/\/krajinaziva.sk\/wp-content\/uploads\/2023\/12\/1-1-770x513.jpg 770w, https:\/\/krajinaziva.sk\/wp-content\/uploads\/2023\/12\/1-1-1170x780.jpg 1170w, https:\/\/krajinaziva.sk\/wp-content\/uploads\/2023\/12\/1-1-scaled.jpg 1920w\" sizes=\"(max-width: 1024px) 100vw, 1024px\" \/>\n<\/p>\n\nFarm\u00e1r Denis Komjaty hospod\u00e1ri v kr\u00e1snom, ale i tvrdom kraji v tesnom susedstve n\u00e1rodn\u00e9ho parku Mur\u00e1nska planina. Priamo na farme si m\u00f4\u017eete k\u00fapi\u0165 bryndzu, \u017ein\u010dicu, ale aj v\u00fdborn\u00fd ov\u010d\u00ed syr \u010di poloo\u0161tiepky. Raz ro\u010dne si \u013eudia z okolia chodia k\u00fapi\u0165 jah\u0148at\u00e1, celoro\u010dne s\u00fa tu na predaj aj pstruhy chovan\u00e9 priamo v are\u00e1li.\n<\/p>\n\n<img decoding=\"async\" class=\"alignnone size-large wp-image-4533\" src=\"https:\/\/krajinaziva.sk\/wp-content\/uploads\/2023\/12\/2-1-1024x683.jpg\" alt=\"\" width=\"1024\" height=\"683\" srcset=\"https:\/\/krajinaziva.sk\/wp-content\/uploads\/2023\/12\/2-1-1024x683.jpg 1024w, https:\/\/krajinaziva.sk\/wp-content\/uploads\/2023\/12\/2-1-300x200.jpg 300w, https:\/\/krajinaziva.sk\/wp-content\/uploads\/2023\/12\/2-1-768x512.jpg 768w, https:\/\/krajinaziva.sk\/wp-content\/uploads\/2023\/12\/2-1-1536x1024.jpg 1536w, https:\/\/krajinaziva.sk\/wp-content\/uploads\/2023\/12\/2-1-2048x1365.jpg 2048w, https:\/\/krajinaziva.sk\/wp-content\/uploads\/2023\/12\/2-1-370x247.jpg 370w, https:\/\/krajinaziva.sk\/wp-content\/uploads\/2023\/12\/2-1-770x513.jpg 770w, https:\/\/krajinaziva.sk\/wp-content\/uploads\/2023\/12\/2-1-1170x780.jpg 1170w, https:\/\/krajinaziva.sk\/wp-content\/uploads\/2023\/12\/2-1-scaled.jpg 1920w\" sizes=\"(max-width: 1024px) 100vw, 1024px\" \/>\n<\/p>\n\nFarma Agrospol Hradov\u00e1 tu hospod\u00e1ri od r. 1997. Na svojej farm\u00e1rskej ceste pre\u0161li r\u00f4znymi zmenami, za\u010d\u00ednali s kravami, ale postupne pre\u0161li na chov oviec a spracovanie mlieka na fin\u00e1lne produkty. Krajinu a starostlivos\u0165 o \u0148u maj\u00fa v krvi, preto sa nevzd\u00e1vaj\u00fa, aj ke\u010f ekonomicky je podnikanie v t\u00fdchto kon\u010din\u00e1ch n\u00e1ro\u010dnej\u0161ie. Zaujalo n\u00e1s pozorovanie, \u017ee dojivos\u0165 oviec je v\u00e4\u010d\u0161ia po pastve na v\u00e1pencov\u00fdch lokalit\u00e1ch ako po pasen\u00ed na lokalit\u00e1ch s tufov\u00fdm podlo\u017e\u00edm.\n<\/p>\n\n<img decoding=\"async\" class=\"alignnone size-large wp-image-4534\" src=\"https:\/\/krajinaziva.sk\/wp-content\/uploads\/2023\/12\/3-1-1024x683.jpg\" alt=\"\" width=\"1024\" height=\"683\" srcset=\"https:\/\/krajinaziva.sk\/wp-content\/uploads\/2023\/12\/3-1-1024x683.jpg 1024w, https:\/\/krajinaziva.sk\/wp-content\/uploads\/2023\/12\/3-1-300x200.jpg 300w, https:\/\/krajinaziva.sk\/wp-content\/uploads\/2023\/12\/3-1-768x512.jpg 768w, https:\/\/krajinaziva.sk\/wp-content\/uploads\/2023\/12\/3-1-1536x1024.jpg 1536w, https:\/\/krajinaziva.sk\/wp-content\/uploads\/2023\/12\/3-1-2048x1365.jpg 2048w, https:\/\/krajinaziva.sk\/wp-content\/uploads\/2023\/12\/3-1-370x247.jpg 370w, https:\/\/krajinaziva.sk\/wp-content\/uploads\/2023\/12\/3-1-770x513.jpg 770w, https:\/\/krajinaziva.sk\/wp-content\/uploads\/2023\/12\/3-1-1170x780.jpg 1170w, https:\/\/krajinaziva.sk\/wp-content\/uploads\/2023\/12\/3-1-scaled.jpg 1920w\" sizes=\"(max-width: 1024px) 100vw, 1024px\" \/>\n<\/p>\n\n<img loading=\"lazy\" decoding=\"async\" class=\"alignnone size-large wp-image-4535\" src=\"https:\/\/krajinaziva.sk\/wp-content\/uploads\/2023\/12\/4-1-1024x683.jpg\" alt=\"\" width=\"1024\" height=\"683\" srcset=\"https:\/\/krajinaziva.sk\/wp-content\/uploads\/2023\/12\/4-1-1024x683.jpg 1024w, https:\/\/krajinaziva.sk\/wp-content\/uploads\/2023\/12\/4-1-300x200.jpg 300w, https:\/\/krajinaziva.sk\/wp-content\/uploads\/2023\/12\/4-1-768x512.jpg 768w, https:\/\/krajinaziva.sk\/wp-content\/uploads\/2023\/12\/4-1-1536x1024.jpg 1536w, https:\/\/krajinaziva.sk\/wp-content\/uploads\/2023\/12\/4-1-2048x1365.jpg 2048w, https:\/\/krajinaziva.sk\/wp-content\/uploads\/2023\/12\/4-1-370x247.jpg 370w, https:\/\/krajinaziva.sk\/wp-content\/uploads\/2023\/12\/4-1-770x513.jpg 770w, https:\/\/krajinaziva.sk\/wp-content\/uploads\/2023\/12\/4-1-1170x780.jpg 1170w, https:\/\/krajinaziva.sk\/wp-content\/uploads\/2023\/12\/4-1-scaled.jpg 1920w\" sizes=\"(max-width: 1024px) 100vw, 1024px\" \/>\n<\/p>\n\nPr\u00edprava sen\u00e1\u017ee \u010di sena na zimu je pre farm\u00e1ra nutnos\u0165ou. Pri sen\u00e1\u017ei je \u010derstv\u00e1 hmota hne\u010f spracovan\u00e1 a \u010falej fermentovan\u00e1, preto je vo viacer\u00fdch oh\u013eadoch pre farm\u00e1rov praktickej\u0161ou cestou. Av\u0161ak pr\u00e1ve \u010do najv\u00e4\u010d\u0161\u00ed podiel pr\u00edpravy sena je k\u013e\u00fa\u010dom k v\u00e4\u010d\u0161ej biodiverzite. Po pokosen\u00ed sa seno nech\u00e1va dos\u00fa\u0161a\u0165 na l\u00fake, preto maj\u00fa semienka kvitn\u00facich rastl\u00edn \u0161ancu vypada\u0165 priamo na mieste a pestros\u0165 druhov sa tak udr\u017euje dlhodobo. Tam, kde sa v\u0161etka tr\u00e1va ihne\u010f sprac\u00fava na sen\u00e1\u017e, semienka nevypadaj\u00fa a postupne po\u010det druhov kles\u00e1. To sa n\u00e1sledne prejav\u00ed aj na druhovej pestrosti hmyzu, preto\u017ee v pr\u00edrode v\u0161etko so v\u0161etk\u00fdm s\u00favis\u00ed. Na farme Agrospol Hradov\u00e1 sa pripravuje seno aj sen\u00e1\u017e. \u010cas\u0165 trval\u00fdch tr\u00e1vnych porastov bola kedysi ornou p\u00f4dou. T\u00e1 bola pred pribli\u017ene dvomi desa\u0165ro\u010diami osiata a seno z t\u00fdchto \u010dast\u00ed sa sprac\u00fava na sen\u00e1\u017e. Vz\u00e1cnej\u0161ie pestr\u00e9 l\u00faky s\u00fa kosen\u00e9 na seno a n\u00e1sledne na jese\u0148, \u201ev otave\u201c, dop\u00e1san\u00e9. Mozaikovit\u00fd mana\u017ement l\u00fak, \u010diasto\u010dne nastavovan\u00fd aj pre potreby sys\u013eov, tak prispieva k diverzite mnoh\u00fdch druhov a ocenila ho pri n\u00e1v\u0161teve farmy aj odborn\u00e1 komisia.\n<\/p>\n\n<img loading=\"lazy\" decoding=\"async\" class=\"alignnone size-large wp-image-4536\" src=\"https:\/\/krajinaziva.sk\/wp-content\/uploads\/2023\/12\/5-1-1024x683.jpg\" alt=\"\" width=\"1024\" height=\"683\" srcset=\"https:\/\/krajinaziva.sk\/wp-content\/uploads\/2023\/12\/5-1-1024x683.jpg 1024w, https:\/\/krajinaziva.sk\/wp-content\/uploads\/2023\/12\/5-1-300x200.jpg 300w, https:\/\/krajinaziva.sk\/wp-content\/uploads\/2023\/12\/5-1-768x512.jpg 768w, https:\/\/krajinaziva.sk\/wp-content\/uploads\/2023\/12\/5-1-1536x1024.jpg 1536w, https:\/\/krajinaziva.sk\/wp-content\/uploads\/2023\/12\/5-1-2048x1365.jpg 2048w, https:\/\/krajinaziva.sk\/wp-content\/uploads\/2023\/12\/5-1-370x247.jpg 370w, https:\/\/krajinaziva.sk\/wp-content\/uploads\/2023\/12\/5-1-770x513.jpg 770w, https:\/\/krajinaziva.sk\/wp-content\/uploads\/2023\/12\/5-1-1170x780.jpg 1170w, https:\/\/krajinaziva.sk\/wp-content\/uploads\/2023\/12\/5-1-scaled.jpg 1920w\" sizes=\"(max-width: 1024px) 100vw, 1024px\" \/>\n<\/p>\n\nNa pasienkoch sa nach\u00e1dza viacero \u0161krapov a \u0161krapov\u00fdch pol\u00ed. S\u00fa to ve\u013emi zauj\u00edmav\u00e9 krasov\u00e9 \u00fatvary, ktor\u00e9 pote\u0161ia oko mnoh\u00fdch milovn\u00edkov pr\u00edrody. V ich bl\u00edzkom okol\u00ed \u010dasto nach\u00e1dzame vz\u00e1cne druhy rastl\u00edn a \u017eivo\u010d\u00edchov, preto aj pre biodiverzitu a praktick\u00fa ochranu pr\u00edrody maj\u00fa ve\u013ek\u00fd v\u00fdznam. Pr\u00e1ve \u017eivot \u010dloveka v krajine, hospod\u00e1renie a chov oviec u\u017e v minulosti pom\u00e1hali tomu, aby sa tu udr\u017eala nelesn\u00e1 veget\u00e1cia a v\u010faka nej aj bohatstvo druhov a pestros\u0165 \u017eivota. Inak tomu aj v\u010faka miestnym farm\u00e1rom nie je ani dnes.\n<\/p>\n\n<img loading=\"lazy\" decoding=\"async\" class=\"alignnone size-large wp-image-4537\" src=\"https:\/\/krajinaziva.sk\/wp-content\/uploads\/2023\/12\/6-1-1024x683.jpg\" alt=\"\" width=\"1024\" height=\"683\" srcset=\"https:\/\/krajinaziva.sk\/wp-content\/uploads\/2023\/12\/6-1-1024x683.jpg 1024w, https:\/\/krajinaziva.sk\/wp-content\/uploads\/2023\/12\/6-1-300x200.jpg 300w, https:\/\/krajinaziva.sk\/wp-content\/uploads\/2023\/12\/6-1-768x512.jpg 768w, https:\/\/krajinaziva.sk\/wp-content\/uploads\/2023\/12\/6-1-1536x1024.jpg 1536w, https:\/\/krajinaziva.sk\/wp-content\/uploads\/2023\/12\/6-1-2048x1365.jpg 2048w, https:\/\/krajinaziva.sk\/wp-content\/uploads\/2023\/12\/6-1-370x247.jpg 370w, https:\/\/krajinaziva.sk\/wp-content\/uploads\/2023\/12\/6-1-770x513.jpg 770w, https:\/\/krajinaziva.sk\/wp-content\/uploads\/2023\/12\/6-1-1170x780.jpg 1170w, https:\/\/krajinaziva.sk\/wp-content\/uploads\/2023\/12\/6-1-scaled.jpg 1920w\" sizes=\"(max-width: 1024px) 100vw, 1024px\" \/>\n<\/p>\n\n\u00dadr\u017eba pasienkov so \u0161krapmi je ale v\u010faka mno\u017estvu kame\u0148ov pri povrchu p\u00f4dy e\u0161te n\u00e1ro\u010dnej\u0161ia ako inde, odstra\u0148ovanie n\u00e1letov sa tu d\u00e1 robi\u0165 iba ru\u010dne. Navy\u0161e, tak\u00e9to plochy b\u00fdvaj\u00fa paradoxne \u010dasto vy\u0148at\u00e9 z dot\u00e1ci\u00ed a teda pre farm\u00e1ra s\u00fa z ekonomick\u00e9ho poh\u013eadu \u010distou stratou. Na\u0161\u0165astie v Tisovci sa u\u017e roky dar\u00ed \u00faspe\u0161n\u00e1 spolupr\u00e1ca miestnych farm\u00e1rov s ochran\u00e1rmi. Spolo\u010dne sem pred p\u00e1r rokmi vypustili sysle, ktor\u00fdm sa tu p\u00e1\u010di aj v\u010faka prisp\u00f4sobeniu pasenia ich n\u00e1rokom. Spolu s ovcami tu \u017eije aj nieko\u013eko som\u00e1rov, ktor\u00e9 jednak udr\u017euj\u00fa tr\u00e1vu n\u00edzkou presne pod\u013ea predst\u00e1v sys\u013eov, ale pom\u00e1haj\u00fa tie\u017e farm\u00e1rom ochr\u00e1ni\u0165 ovce pred pred\u00e1tormi. Ke\u010f\u017ee pr\u00edroda v okol\u00ed Tisovca je bohat\u00e1, \u017eije tu aj popul\u00e1cia medve\u010fov a vlci. Miestni tomuto faktu prisp\u00f4sobuj\u00fa aj svoje hospod\u00e1renie. Pod\u013ea slov farm\u00e1ra som\u00e1r st\u00e1do str\u00e1\u017ei a ke\u010f sa pribl\u00ed\u017ei pred\u00e1tor, vie narobi\u0165 poriadny hluk. Samozrejmos\u0165ou s\u00fa tie\u017e ov\u010diarske psy.\n<\/p>\n\n<img loading=\"lazy\" decoding=\"async\" class=\"alignnone size-large wp-image-4538\" src=\"https:\/\/krajinaziva.sk\/wp-content\/uploads\/2023\/12\/7-1-1024x683.jpg\" alt=\"\" width=\"1024\" height=\"683\" srcset=\"https:\/\/krajinaziva.sk\/wp-content\/uploads\/2023\/12\/7-1-1024x683.jpg 1024w, https:\/\/krajinaziva.sk\/wp-content\/uploads\/2023\/12\/7-1-300x200.jpg 300w, https:\/\/krajinaziva.sk\/wp-content\/uploads\/2023\/12\/7-1-768x512.jpg 768w, https:\/\/krajinaziva.sk\/wp-content\/uploads\/2023\/12\/7-1-1536x1024.jpg 1536w, https:\/\/krajinaziva.sk\/wp-content\/uploads\/2023\/12\/7-1-2048x1365.jpg 2048w, https:\/\/krajinaziva.sk\/wp-content\/uploads\/2023\/12\/7-1-370x247.jpg 370w, https:\/\/krajinaziva.sk\/wp-content\/uploads\/2023\/12\/7-1-770x513.jpg 770w, https:\/\/krajinaziva.sk\/wp-content\/uploads\/2023\/12\/7-1-1170x780.jpg 1170w, https:\/\/krajinaziva.sk\/wp-content\/uploads\/2023\/12\/7-1-scaled.jpg 1920w\" sizes=\"(max-width: 1024px) 100vw, 1024px\" \/>\n<\/p>\n\nAj miestnej farme ned\u00e1vno vy\u0148ali plochy so \u0161krapmi z dot\u00e1ci\u00ed. Tento pr\u00edbeh pozn\u00e1 mnoho farm\u00e1rov a mnoh\u00fdm vie pekne zamie\u0161a\u0165 karty vo finan\u010dnej stabilite. V Tisovci pomohlo odvolanie a po\u010detn\u00e1 popul\u00e1cia sys\u013ea, v\u010faka ktorej farm\u00e1r nakoniec o dot\u00e1cie nepri\u0161iel. Mil\u00e9 sysl\u00edky tak svojim dobrodincom nakoniec oplatili ich zhovievavos\u0165. Pr\u00e1ve projekt LIFE Syse\u013e, v\u010faka ktor\u00e9mu tu je postaven\u00fdch aj viacero oplotkov, tak farm\u00e1rovi priniesol viacn\u00e1sobn\u00fd \u00fa\u017eitok.\n<\/p>\n\n<img loading=\"lazy\" decoding=\"async\" class=\"alignnone size-large wp-image-4539\" src=\"https:\/\/krajinaziva.sk\/wp-content\/uploads\/2023\/12\/8-1024x682.jpg\" alt=\"\" width=\"1024\" height=\"682\" srcset=\"https:\/\/krajinaziva.sk\/wp-content\/uploads\/2023\/12\/8-1024x682.jpg 1024w, https:\/\/krajinaziva.sk\/wp-content\/uploads\/2023\/12\/8-300x200.jpg 300w, https:\/\/krajinaziva.sk\/wp-content\/uploads\/2023\/12\/8-768x512.jpg 768w, https:\/\/krajinaziva.sk\/wp-content\/uploads\/2023\/12\/8-1536x1024.jpg 1536w, https:\/\/krajinaziva.sk\/wp-content\/uploads\/2023\/12\/8-370x247.jpg 370w, https:\/\/krajinaziva.sk\/wp-content\/uploads\/2023\/12\/8-770x513.jpg 770w, https:\/\/krajinaziva.sk\/wp-content\/uploads\/2023\/12\/8-1170x780.jpg 1170w, https:\/\/krajinaziva.sk\/wp-content\/uploads\/2023\/12\/8.jpg 1920w\" sizes=\"(max-width: 1024px) 100vw, 1024px\" \/>\n<\/p>\n\nAj na tomto pr\u00edklade ale vidie\u0165, \u017ee v spolo\u010dnej po\u013enohospod\u00e1rskej politike je \u010do zlep\u0161ova\u0165, aby sl\u00fa\u017eila k dobru krajiny a \u013eud\u00ed, ktor\u00ed v nej pracuj\u00fa. Aj my ako spotrebitelia m\u00f4\u017eeme spravi\u0165 svoju \u010das\u0165 pr\u00e1ce. Ak si vieme v\u00e1\u017ei\u0165 pr\u00e1cu \u013eudsk\u00fdch r\u00fak, budeme podporova\u0165 n\u00e1kupmi farm\u00e1rov, ktor\u00ed pas\u00fa zvierat\u00e1 vo\u013ene a pom\u00e1haj\u00fa tak zachov\u00e1va\u0165 slovensk\u00fa pestros\u0165 a kr\u00e1su krajiny.\n<\/p>\n\nNa z\u00e1ver chceme po\u010fakova\u0165 V\u00daB banke za podporu programu Krajina \u017eiv\u00e1.\n<\/p>\n\n<img loading=\"lazy\" decoding=\"async\" class=\"alignnone size-large wp-image-4540\" src=\"https:\/\/krajinaziva.sk\/wp-content\/uploads\/2023\/12\/9-1024x683.jpg\" alt=\"\" width=\"1024\" height=\"683\" srcset=\"https:\/\/krajinaziva.sk\/wp-content\/uploads\/2023\/12\/9-1024x683.jpg 1024w, https:\/\/krajinaziva.sk\/wp-content\/uploads\/2023\/12\/9-300x200.jpg 300w, https:\/\/krajinaziva.sk\/wp-content\/uploads\/2023\/12\/9-768x512.jpg 768w, https:\/\/krajinaziva.sk\/wp-content\/uploads\/2023\/12\/9-1536x1024.jpg 1536w, https:\/\/krajinaziva.sk\/wp-content\/uploads\/2023\/12\/9-2048x1365.jpg 2048w, https:\/\/krajinaziva.sk\/wp-content\/uploads\/2023\/12\/9-370x247.jpg 370w, https:\/\/krajinaziva.sk\/wp-content\/uploads\/2023\/12\/9-770x513.jpg 770w, https:\/\/krajinaziva.sk\/wp-content\/uploads\/2023\/12\/9-1170x780.jpg 1170w, https:\/\/krajinaziva.sk\/wp-content\/uploads\/2023\/12\/9-scaled.jpg 1920w\" sizes=\"(max-width: 1024px) 100vw, 1024px\" \/>\t\t\t\t\t\t\t\t<\/div>\n\t\t\t\t<\/div>\n\t\t\t\t\t<\/div>\n\t\t<\/div>\n\t\t\t\t\t<\/div>\n\t\t<\/section>\n\t\t\t\t<\/div>","protected":false},"excerpt":{"rendered":"<p>Ako \u010fal\u0161iu z ocenen\u00fdch fariem v 1. ro\u010dn\u00edku Farma \u017eiv\u00e1 sme nav\u0161t\u00edvili Agrospol Hradov\u00e1 v Tisovci. Radi v\u00e1m ju predstav\u00edme, nala\u010fte sa. Pod nohami rozkvitnut\u00e1 l\u00faka, kr\u00e1sny v\u00fdh\u013ead na okolit\u00e9 kopce. Oblaky sa&hellip;<\/p>","protected":false},"author":3,"featured_media":4532,"comment_status":"closed","ping_status":"closed","sticky":false,"template":"","format":"standard","meta":{"give_campaign_id":0,"_monsterinsights_skip_tracking":false,"_monsterinsights_sitenote_active":false,"_monsterinsights_sitenote_note":"","_monsterinsights_sitenote_category":0,"footnotes":""},"categories":[83,96],"tags":[],"class_list":["post-4527","post","type-post","status-publish","format-standard","has-post-thumbnail","hentry","category-novinky","category-ocenene-farmy-2023"],"yoast_head":"<!-- This site is optimized with the Yoast SEO plugin v26.4 - https:\/\/yoast.com\/wordpress\/plugins\/seo\/ -->\n<title>Agrospol Hradov\u00e1: Ov\u010die syry z Tisovca, sysle a medvede - Krajina \u017eiv\u00e1<\/title>\n<meta name=\"robots\" content=\"index, follow, max-snippet:-1, max-image-preview:large, max-video-preview:-1\" \/>\n<link rel=\"canonical\" href=\"https:\/\/krajinaziva.sk\/en\/agrospol-hradova-ovcie-syry-z-tisovca-sysle-a-medvede\/\" \/>\n<meta property=\"og:locale\" content=\"en_GB\" \/>\n<meta property=\"og:type\" content=\"article\" \/>\n<meta property=\"og:title\" content=\"Agrospol Hradov\u00e1: Ov\u010die syry z Tisovca, sysle a medvede - Krajina \u017eiv\u00e1\" \/>\n<meta property=\"og:description\" content=\"Ako \u010fal\u0161iu z ocenen\u00fdch fariem v 1. ro\u010dn\u00edku Farma \u017eiv\u00e1 sme nav\u0161t\u00edvili Agrospol Hradov\u00e1 v Tisovci. Radi v\u00e1m ju predstav\u00edme, nala\u010fte sa. Pod nohami rozkvitnut\u00e1 l\u00faka, kr\u00e1sny v\u00fdh\u013ead na okolit\u00e9 kopce. Oblaky sa&hellip;\" \/>\n<meta property=\"og:url\" content=\"https:\/\/krajinaziva.sk\/en\/agrospol-hradova-ovcie-syry-z-tisovca-sysle-a-medvede\/\" \/>\n<meta property=\"og:site_name\" content=\"Krajina \u017eiv\u00e1\" \/>\n<meta property=\"article:published_time\" content=\"2023-12-17T14:44:16+00:00\" \/>\n<meta property=\"article:modified_time\" content=\"2023-12-17T16:13:27+00:00\" \/>\n<meta property=\"og:image\" content=\"https:\/\/krajinaziva.sk\/wp-content\/uploads\/2023\/12\/1-1-scaled.jpg\" \/>\n\t<meta property=\"og:image:width\" content=\"2560\" \/>\n\t<meta property=\"og:image:height\" content=\"1706\" \/>\n\t<meta property=\"og:image:type\" content=\"image\/jpeg\" \/>\n<meta name=\"author\" content=\"Karolina Gelaticova\" \/>\n<meta name=\"twitter:card\" content=\"summary_large_image\" \/>\n<meta name=\"twitter:label1\" content=\"Written by\" \/>\n\t<meta name=\"twitter:data1\" content=\"Karolina Gelaticova\" \/>\n\t<meta name=\"twitter:label2\" content=\"Estimated reading time\" \/>\n\t<meta name=\"twitter:data2\" content=\"6 minutes\" \/>\n<script type=\"application\/ld+json\" class=\"yoast-schema-graph\">{\"@context\":\"https:\/\/schema.org\",\"@graph\":[{\"@type\":\"Article\",\"@id\":\"https:\/\/krajinaziva.sk\/agrospol-hradova-ovcie-syry-z-tisovca-sysle-a-medvede\/#article\",\"isPartOf\":{\"@id\":\"https:\/\/krajinaziva.sk\/agrospol-hradova-ovcie-syry-z-tisovca-sysle-a-medvede\/\"},\"author\":{\"name\":\"Karolina Gelaticova\",\"@id\":\"https:\/\/krajinaziva.sk\/#\/schema\/person\/00c3a09dde5e5ed5fd572f7e624b395d\"},\"headline\":\"Agrospol Hradov\u00e1: Ov\u010die syry z Tisovca, sysle a medvede\",\"datePublished\":\"2023-12-17T14:44:16+00:00\",\"dateModified\":\"2023-12-17T16:13:27+00:00\",\"mainEntityOfPage\":{\"@id\":\"https:\/\/krajinaziva.sk\/agrospol-hradova-ovcie-syry-z-tisovca-sysle-a-medvede\/\"},\"wordCount\":977,\"publisher\":{\"@id\":\"https:\/\/krajinaziva.sk\/#organization\"},\"image\":{\"@id\":\"https:\/\/krajinaziva.sk\/agrospol-hradova-ovcie-syry-z-tisovca-sysle-a-medvede\/#primaryimage\"},\"thumbnailUrl\":\"https:\/\/krajinaziva.sk\/wp-content\/uploads\/2023\/12\/1-1-scaled.jpg\",\"articleSection\":[\"Novinky\",\"Ocenen\u00e9 farmy 2023\"],\"inLanguage\":\"en-GB\"},{\"@type\":\"WebPage\",\"@id\":\"https:\/\/krajinaziva.sk\/agrospol-hradova-ovcie-syry-z-tisovca-sysle-a-medvede\/\",\"url\":\"https:\/\/krajinaziva.sk\/agrospol-hradova-ovcie-syry-z-tisovca-sysle-a-medvede\/\",\"name\":\"Agrospol Hradov\u00e1: Ov\u010die syry z Tisovca, sysle a medvede - Krajina \u017eiv\u00e1\",\"isPartOf\":{\"@id\":\"https:\/\/krajinaziva.sk\/#website\"},\"primaryImageOfPage\":{\"@id\":\"https:\/\/krajinaziva.sk\/agrospol-hradova-ovcie-syry-z-tisovca-sysle-a-medvede\/#primaryimage\"},\"image\":{\"@id\":\"https:\/\/krajinaziva.sk\/agrospol-hradova-ovcie-syry-z-tisovca-sysle-a-medvede\/#primaryimage\"},\"thumbnailUrl\":\"https:\/\/krajinaziva.sk\/wp-content\/uploads\/2023\/12\/1-1-scaled.jpg\",\"datePublished\":\"2023-12-17T14:44:16+00:00\",\"dateModified\":\"2023-12-17T16:13:27+00:00\",\"breadcrumb\":{\"@id\":\"https:\/\/krajinaziva.sk\/agrospol-hradova-ovcie-syry-z-tisovca-sysle-a-medvede\/#breadcrumb\"},\"inLanguage\":\"en-GB\",\"potentialAction\":[{\"@type\":\"ReadAction\",\"target\":[\"https:\/\/krajinaziva.sk\/agrospol-hradova-ovcie-syry-z-tisovca-sysle-a-medvede\/\"]}]},{\"@type\":\"ImageObject\",\"inLanguage\":\"en-GB\",\"@id\":\"https:\/\/krajinaziva.sk\/agrospol-hradova-ovcie-syry-z-tisovca-sysle-a-medvede\/#primaryimage\",\"url\":\"https:\/\/krajinaziva.sk\/wp-content\/uploads\/2023\/12\/1-1-scaled.jpg\",\"contentUrl\":\"https:\/\/krajinaziva.sk\/wp-content\/uploads\/2023\/12\/1-1-scaled.jpg\",\"width\":1920,\"height\":1280},{\"@type\":\"BreadcrumbList\",\"@id\":\"https:\/\/krajinaziva.sk\/agrospol-hradova-ovcie-syry-z-tisovca-sysle-a-medvede\/#breadcrumb\",\"itemListElement\":[{\"@type\":\"ListItem\",\"position\":1,\"name\":\"Home\",\"item\":\"https:\/\/krajinaziva.sk\/\"},{\"@type\":\"ListItem\",\"position\":2,\"name\":\"Agrospol Hradov\u00e1: Ov\u010die syry z Tisovca, sysle a medvede\"}]},{\"@type\":\"WebSite\",\"@id\":\"https:\/\/krajinaziva.sk\/#website\",\"url\":\"https:\/\/krajinaziva.sk\/\",\"name\":\"Krajina \u017eiv\u00e1\",\"description\":\"\u017div\u00e1 krajina prin\u00e1\u0161a hojnos\u0165 pre v\u0161etk\u00fdch\",\"publisher\":{\"@id\":\"https:\/\/krajinaziva.sk\/#organization\"},\"potentialAction\":[{\"@type\":\"SearchAction\",\"target\":{\"@type\":\"EntryPoint\",\"urlTemplate\":\"https:\/\/krajinaziva.sk\/?s={search_term_string}\"},\"query-input\":{\"@type\":\"PropertyValueSpecification\",\"valueRequired\":true,\"valueName\":\"search_term_string\"}}],\"inLanguage\":\"en-GB\"},{\"@type\":\"Organization\",\"@id\":\"https:\/\/krajinaziva.sk\/#organization\",\"name\":\"Krajina \u017eiv\u00e1\",\"url\":\"https:\/\/krajinaziva.sk\/\",\"logo\":{\"@type\":\"ImageObject\",\"inLanguage\":\"en-GB\",\"@id\":\"https:\/\/krajinaziva.sk\/#\/schema\/logo\/image\/\",\"url\":\"https:\/\/krajinaziva.sk\/wp-content\/uploads\/2026\/02\/2206_14_BROZ_Ktajina-ziva_1-43-2-1.png\",\"contentUrl\":\"https:\/\/krajinaziva.sk\/wp-content\/uploads\/2026\/02\/2206_14_BROZ_Ktajina-ziva_1-43-2-1.png\",\"width\":1080,\"height\":1080,\"caption\":\"Krajina \u017eiv\u00e1\"},\"image\":{\"@id\":\"https:\/\/krajinaziva.sk\/#\/schema\/logo\/image\/\"}},{\"@type\":\"Person\",\"@id\":\"https:\/\/krajinaziva.sk\/#\/schema\/person\/00c3a09dde5e5ed5fd572f7e624b395d\",\"name\":\"Karolina Gelaticova\",\"image\":{\"@type\":\"ImageObject\",\"inLanguage\":\"en-GB\",\"@id\":\"https:\/\/krajinaziva.sk\/#\/schema\/person\/image\/\",\"url\":\"https:\/\/secure.gravatar.com\/avatar\/8f5a33a1d334e7c538bde8882d8f94013cdad5d9691571ac8e7ac1a97352032d?s=96&d=mm&r=g\",\"contentUrl\":\"https:\/\/secure.gravatar.com\/avatar\/8f5a33a1d334e7c538bde8882d8f94013cdad5d9691571ac8e7ac1a97352032d?s=96&d=mm&r=g\",\"caption\":\"Karolina Gelaticova\"},\"url\":\"https:\/\/krajinaziva.sk\/en\/author\/karolina\/\"}]}<\/script>\n<!-- \/ Yoast SEO plugin. -->","yoast_head_json":{"title":"Agrospol Hradov\u00e1: Ov\u010die syry z Tisovca, sysle a medvede - Krajina \u017eiv\u00e1","robots":{"index":"index","follow":"follow","max-snippet":"max-snippet:-1","max-image-preview":"max-image-preview:large","max-video-preview":"max-video-preview:-1"},"canonical":"https:\/\/krajinaziva.sk\/en\/agrospol-hradova-ovcie-syry-z-tisovca-sysle-a-medvede\/","og_locale":"en_GB","og_type":"article","og_title":"Agrospol Hradov\u00e1: Ov\u010die syry z Tisovca, sysle a medvede - Krajina \u017eiv\u00e1","og_description":"Ako \u010fal\u0161iu z ocenen\u00fdch fariem v 1. ro\u010dn\u00edku Farma \u017eiv\u00e1 sme nav\u0161t\u00edvili Agrospol Hradov\u00e1 v Tisovci. Radi v\u00e1m ju predstav\u00edme, nala\u010fte sa. Pod nohami rozkvitnut\u00e1 l\u00faka, kr\u00e1sny v\u00fdh\u013ead na okolit\u00e9 kopce. Oblaky sa&hellip;","og_url":"https:\/\/krajinaziva.sk\/en\/agrospol-hradova-ovcie-syry-z-tisovca-sysle-a-medvede\/","og_site_name":"Krajina \u017eiv\u00e1","article_published_time":"2023-12-17T14:44:16+00:00","article_modified_time":"2023-12-17T16:13:27+00:00","og_image":[{"width":2560,"height":1706,"url":"https:\/\/krajinaziva.sk\/wp-content\/uploads\/2023\/12\/1-1-scaled.jpg","type":"image\/jpeg"}],"author":"Karolina Gelaticova","twitter_card":"summary_large_image","twitter_misc":{"Written by":"Karolina Gelaticova","Estimated reading time":"6 minutes"},"schema":{"@context":"https:\/\/schema.org","@graph":[{"@type":"Article","@id":"https:\/\/krajinaziva.sk\/agrospol-hradova-ovcie-syry-z-tisovca-sysle-a-medvede\/#article","isPartOf":{"@id":"https:\/\/krajinaziva.sk\/agrospol-hradova-ovcie-syry-z-tisovca-sysle-a-medvede\/"},"author":{"name":"Karolina Gelaticova","@id":"https:\/\/krajinaziva.sk\/#\/schema\/person\/00c3a09dde5e5ed5fd572f7e624b395d"},"headline":"Agrospol Hradov\u00e1: Ov\u010die syry z Tisovca, sysle a medvede","datePublished":"2023-12-17T14:44:16+00:00","dateModified":"2023-12-17T16:13:27+00:00","mainEntityOfPage":{"@id":"https:\/\/krajinaziva.sk\/agrospol-hradova-ovcie-syry-z-tisovca-sysle-a-medvede\/"},"wordCount":977,"publisher":{"@id":"https:\/\/krajinaziva.sk\/#organization"},"image":{"@id":"https:\/\/krajinaziva.sk\/agrospol-hradova-ovcie-syry-z-tisovca-sysle-a-medvede\/#primaryimage"},"thumbnailUrl":"https:\/\/krajinaziva.sk\/wp-content\/uploads\/2023\/12\/1-1-scaled.jpg","articleSection":["Novinky","Ocenen\u00e9 farmy 2023"],"inLanguage":"en-GB"},{"@type":"WebPage","@id":"https:\/\/krajinaziva.sk\/agrospol-hradova-ovcie-syry-z-tisovca-sysle-a-medvede\/","url":"https:\/\/krajinaziva.sk\/agrospol-hradova-ovcie-syry-z-tisovca-sysle-a-medvede\/","name":"Agrospol Hradov\u00e1: Ov\u010die syry z Tisovca, sysle a medvede - Krajina \u017eiv\u00e1","isPartOf":{"@id":"https:\/\/krajinaziva.sk\/#website"},"primaryImageOfPage":{"@id":"https:\/\/krajinaziva.sk\/agrospol-hradova-ovcie-syry-z-tisovca-sysle-a-medvede\/#primaryimage"},"image":{"@id":"https:\/\/krajinaziva.sk\/agrospol-hradova-ovcie-syry-z-tisovca-sysle-a-medvede\/#primaryimage"},"thumbnailUrl":"https:\/\/krajinaziva.sk\/wp-content\/uploads\/2023\/12\/1-1-scaled.jpg","datePublished":"2023-12-17T14:44:16+00:00","dateModified":"2023-12-17T16:13:27+00:00","breadcrumb":{"@id":"https:\/\/krajinaziva.sk\/agrospol-hradova-ovcie-syry-z-tisovca-sysle-a-medvede\/#breadcrumb"},"inLanguage":"en-GB","potentialAction":[{"@type":"ReadAction","target":["https:\/\/krajinaziva.sk\/agrospol-hradova-ovcie-syry-z-tisovca-sysle-a-medvede\/"]}]},{"@type":"ImageObject","inLanguage":"en-GB","@id":"https:\/\/krajinaziva.sk\/agrospol-hradova-ovcie-syry-z-tisovca-sysle-a-medvede\/#primaryimage","url":"https:\/\/krajinaziva.sk\/wp-content\/uploads\/2023\/12\/1-1-scaled.jpg","contentUrl":"https:\/\/krajinaziva.sk\/wp-content\/uploads\/2023\/12\/1-1-scaled.jpg","width":1920,"height":1280},{"@type":"BreadcrumbList","@id":"https:\/\/krajinaziva.sk\/agrospol-hradova-ovcie-syry-z-tisovca-sysle-a-medvede\/#breadcrumb","itemListElement":[{"@type":"ListItem","position":1,"name":"Home","item":"https:\/\/krajinaziva.sk\/"},{"@type":"ListItem","position":2,"name":"Agrospol Hradov\u00e1: Ov\u010die syry z Tisovca, sysle a medvede"}]},{"@type":"WebSite","@id":"https:\/\/krajinaziva.sk\/#website","url":"https:\/\/krajinaziva.sk\/","name":"Living landscape","description":"A living landscape brings wealth for all","publisher":{"@id":"https:\/\/krajinaziva.sk\/#organization"},"potentialAction":[{"@type":"SearchAction","target":{"@type":"EntryPoint","urlTemplate":"https:\/\/krajinaziva.sk\/?s={search_term_string}"},"query-input":{"@type":"PropertyValueSpecification","valueRequired":true,"valueName":"search_term_string"}}],"inLanguage":"en-GB"},{"@type":"Organization","@id":"https:\/\/krajinaziva.sk\/#organization","name":"Living landscape","url":"https:\/\/krajinaziva.sk\/","logo":{"@type":"ImageObject","inLanguage":"en-GB","@id":"https:\/\/krajinaziva.sk\/#\/schema\/logo\/image\/","url":"https:\/\/krajinaziva.sk\/wp-content\/uploads\/2026\/02\/2206_14_BROZ_Ktajina-ziva_1-43-2-1.png","contentUrl":"https:\/\/krajinaziva.sk\/wp-content\/uploads\/2026\/02\/2206_14_BROZ_Ktajina-ziva_1-43-2-1.png","width":1080,"height":1080,"caption":"Krajina \u017eiv\u00e1"},"image":{"@id":"https:\/\/krajinaziva.sk\/#\/schema\/logo\/image\/"}},{"@type":"Person","@id":"https:\/\/krajinaziva.sk\/#\/schema\/person\/00c3a09dde5e5ed5fd572f7e624b395d","name":"Karolina Gelaticova","image":{"@type":"ImageObject","inLanguage":"en-GB","@id":"https:\/\/krajinaziva.sk\/#\/schema\/person\/image\/","url":"https:\/\/secure.gravatar.com\/avatar\/8f5a33a1d334e7c538bde8882d8f94013cdad5d9691571ac8e7ac1a97352032d?s=96&d=mm&r=g","contentUrl":"https:\/\/secure.gravatar.com\/avatar\/8f5a33a1d334e7c538bde8882d8f94013cdad5d9691571ac8e7ac1a97352032d?s=96&d=mm&r=g","caption":"Karolina Gelaticova"},"url":"https:\/\/krajinaziva.sk\/en\/author\/karolina\/"}]}},"_links":{"self":[{"href":"https:\/\/krajinaziva.sk\/en\/wp-json\/wp\/v2\/posts\/4527","targetHints":{"allow":["GET"]}}],"collection":[{"href":"https:\/\/krajinaziva.sk\/en\/wp-json\/wp\/v2\/posts"}],"about":[{"href":"https:\/\/krajinaziva.sk\/en\/wp-json\/wp\/v2\/types\/post"}],"author":[{"embeddable":true,"href":"https:\/\/krajinaziva.sk\/en\/wp-json\/wp\/v2\/users\/3"}],"replies":[{"embeddable":true,"href":"https:\/\/krajinaziva.sk\/en\/wp-json\/wp\/v2\/comments?post=4527"}],"version-history":[{"count":6,"href":"https:\/\/krajinaziva.sk\/en\/wp-json\/wp\/v2\/posts\/4527\/revisions"}],"predecessor-version":[{"id":4552,"href":"https:\/\/krajinaziva.sk\/en\/wp-json\/wp\/v2\/posts\/4527\/revisions\/4552"}],"wp:featuredmedia":[{"embeddable":true,"href":"https:\/\/krajinaziva.sk\/en\/wp-json\/wp\/v2\/media\/4532"}],"wp:attachment":[{"href":"https:\/\/krajinaziva.sk\/en\/wp-json\/wp\/v2\/media?parent=4527"}],"wp:term":[{"taxonomy":"category","embeddable":true,"href":"https:\/\/krajinaziva.sk\/en\/wp-json\/wp\/v2\/categories?post=4527"},{"taxonomy":"post_tag","embeddable":true,"href":"https:\/\/krajinaziva.sk\/en\/wp-json\/wp\/v2\/tags?post=4527"}],"curies":[{"name":"wp","href":"https:\/\/api.w.org\/{rel}","templated":true}]}}