{"id":3994,"date":"2023-02-22T18:00:59","date_gmt":"2023-02-22T17:00:59","guid":{"rendered":"https:\/\/krajinaziva.sk\/?p=3994"},"modified":"2023-12-07T09:39:56","modified_gmt":"2023-12-07T08:39:56","slug":"prezentacie-z-informacnych-dni-ku-schvalenemu-strategickemu-planu-spp","status":"publish","type":"post","link":"https:\/\/krajinaziva.sk\/en\/prezentacie-z-informacnych-dni-ku-schvalenemu-strategickemu-planu-spp\/","title":{"rendered":"Prezent\u00e1cie z Informa\u010dn\u00fdch dn\u00ed ku schv\u00e1len\u00e9mu Strategick\u00e9mu pl\u00e1nu SPP"},"content":{"rendered":"<p>In\u0161tit\u00fat znalostn\u00e9ho p\u00f4dohospod\u00e1rstva a rozvoja vidieka zverejnil na svojich str\u00e1nkach prezent\u00e1cie z Informa\u010dn\u00fdch dn\u00ed ku schv\u00e1len\u00e9mu Strategick\u00e9mu pl\u00e1nu Spolo\u010dnej po\u013enohospod\u00e1rskej politiky 2023 &#8211; 2027.  Farm\u00e1ri si ich m\u00f4\u017eu vo\u013ene stiahnu\u0165 na <a href=\"https:\/\/www.nsrv.sk\/index.php?pl=18&amp;article=2939\" target=\"_blank\" rel=\"noreferrer noopener\">https:\/\/www.nsrv.sk\/index.php?pl=18&amp;article=2939<\/a><\/p>","protected":false},"excerpt":{"rendered":"<p>In\u0161tit\u00fat znalostn\u00e9ho p\u00f4dohospod\u00e1rstva a rozvoja vidieka zverejnil na svojich str\u00e1nkach prezent\u00e1cie z Informa\u010dn\u00fdch dn\u00ed ku schv\u00e1len\u00e9mu Strategick\u00e9mu pl\u00e1nu Spolo\u010dnej po\u013enohospod\u00e1rskej politiky 2023 &#8211; 2027. Farm\u00e1ri si ich m\u00f4\u017eu vo\u013ene stiahnu\u0165 na https:\/\/www.nsrv.sk\/index.php?pl=18&amp;article=2939<\/p>","protected":false},"author":4,"featured_media":3380,"comment_status":"closed","ping_status":"closed","sticky":false,"template":"","format":"standard","meta":{"give_campaign_id":0,"_monsterinsights_skip_tracking":false,"_monsterinsights_sitenote_active":false,"_monsterinsights_sitenote_note":"","_monsterinsights_sitenote_category":0,"footnotes":""},"categories":[83],"tags":[],"citadela-post-location":[],"class_list":["post-3994","post","type-post","status-publish","format-standard","has-post-thumbnail","hentry","category-novinky"],"yoast_head":"<!-- This site is optimized with the Yoast SEO plugin v26.4 - https:\/\/yoast.com\/wordpress\/plugins\/seo\/ -->\n<title>Prezent\u00e1cie z Informa\u010dn\u00fdch dn\u00ed ku schv\u00e1len\u00e9mu Strategick\u00e9mu pl\u00e1nu SPP - Krajina \u017eiv\u00e1<\/title>\n<meta name=\"robots\" content=\"index, follow, max-snippet:-1, max-image-preview:large, max-video-preview:-1\" \/>\n<link rel=\"canonical\" href=\"https:\/\/krajinaziva.sk\/en\/prezentacie-z-informacnych-dni-ku-schvalenemu-strategickemu-planu-spp\/\" \/>\n<meta property=\"og:locale\" content=\"en_GB\" \/>\n<meta property=\"og:type\" content=\"article\" \/>\n<meta property=\"og:title\" content=\"Prezent\u00e1cie z Informa\u010dn\u00fdch dn\u00ed ku schv\u00e1len\u00e9mu Strategick\u00e9mu pl\u00e1nu SPP - Krajina \u017eiv\u00e1\" \/>\n<meta property=\"og:description\" content=\"In\u0161tit\u00fat znalostn\u00e9ho p\u00f4dohospod\u00e1rstva a rozvoja vidieka zverejnil na svojich str\u00e1nkach prezent\u00e1cie z Informa\u010dn\u00fdch dn\u00ed ku schv\u00e1len\u00e9mu Strategick\u00e9mu pl\u00e1nu Spolo\u010dnej po\u013enohospod\u00e1rskej politiky 2023 &#8211; 2027. Farm\u00e1ri si ich m\u00f4\u017eu vo\u013ene stiahnu\u0165 na https:\/\/www.nsrv.sk\/index.php?pl=18&amp;article=2939\" \/>\n<meta property=\"og:url\" content=\"https:\/\/krajinaziva.sk\/en\/prezentacie-z-informacnych-dni-ku-schvalenemu-strategickemu-planu-spp\/\" \/>\n<meta property=\"og:site_name\" content=\"Krajina \u017eiv\u00e1\" \/>\n<meta property=\"article:published_time\" content=\"2023-02-22T17:00:59+00:00\" \/>\n<meta property=\"article:modified_time\" content=\"2023-12-07T08:39:56+00:00\" \/>\n<meta property=\"og:image\" content=\"https:\/\/krajinaziva.sk\/wp-content\/uploads\/2022\/03\/Ekofam-s.r.o..jpg\" \/>\n\t<meta property=\"og:image:width\" content=\"870\" \/>\n\t<meta property=\"og:image:height\" content=\"581\" \/>\n\t<meta property=\"og:image:type\" content=\"image\/jpeg\" \/>\n<meta name=\"author\" content=\"Jakub Cibik\" \/>\n<meta name=\"twitter:card\" content=\"summary_large_image\" \/>\n<meta name=\"twitter:label1\" content=\"Written by\" \/>\n\t<meta name=\"twitter:data1\" content=\"Jakub Cibik\" \/>\n\t<meta name=\"twitter:label2\" content=\"Estimated reading time\" \/>\n\t<meta name=\"twitter:data2\" content=\"1 minute\" \/>\n<script type=\"application\/ld+json\" class=\"yoast-schema-graph\">{\"@context\":\"https:\/\/schema.org\",\"@graph\":[{\"@type\":\"Article\",\"@id\":\"https:\/\/krajinaziva.sk\/prezentacie-z-informacnych-dni-ku-schvalenemu-strategickemu-planu-spp\/#article\",\"isPartOf\":{\"@id\":\"https:\/\/krajinaziva.sk\/prezentacie-z-informacnych-dni-ku-schvalenemu-strategickemu-planu-spp\/\"},\"author\":{\"name\":\"Jakub Cibik\",\"@id\":\"https:\/\/krajinaziva.sk\/#\/schema\/person\/4863f5ffac31749c679b3cde32db1c55\"},\"headline\":\"Prezent\u00e1cie z Informa\u010dn\u00fdch dn\u00ed ku schv\u00e1len\u00e9mu Strategick\u00e9mu pl\u00e1nu SPP\",\"datePublished\":\"2023-02-22T17:00:59+00:00\",\"dateModified\":\"2023-12-07T08:39:56+00:00\",\"mainEntityOfPage\":{\"@id\":\"https:\/\/krajinaziva.sk\/prezentacie-z-informacnych-dni-ku-schvalenemu-strategickemu-planu-spp\/\"},\"wordCount\":73,\"publisher\":{\"@id\":\"https:\/\/krajinaziva.sk\/#organization\"},\"image\":{\"@id\":\"https:\/\/krajinaziva.sk\/prezentacie-z-informacnych-dni-ku-schvalenemu-strategickemu-planu-spp\/#primaryimage\"},\"thumbnailUrl\":\"https:\/\/krajinaziva.sk\/wp-content\/uploads\/2022\/03\/Ekofam-s.r.o..jpg\",\"articleSection\":[\"Novinky\"],\"inLanguage\":\"en-GB\"},{\"@type\":\"WebPage\",\"@id\":\"https:\/\/krajinaziva.sk\/prezentacie-z-informacnych-dni-ku-schvalenemu-strategickemu-planu-spp\/\",\"url\":\"https:\/\/krajinaziva.sk\/prezentacie-z-informacnych-dni-ku-schvalenemu-strategickemu-planu-spp\/\",\"name\":\"Prezent\u00e1cie z Informa\u010dn\u00fdch dn\u00ed ku schv\u00e1len\u00e9mu Strategick\u00e9mu pl\u00e1nu SPP - Krajina \u017eiv\u00e1\",\"isPartOf\":{\"@id\":\"https:\/\/krajinaziva.sk\/#website\"},\"primaryImageOfPage\":{\"@id\":\"https:\/\/krajinaziva.sk\/prezentacie-z-informacnych-dni-ku-schvalenemu-strategickemu-planu-spp\/#primaryimage\"},\"image\":{\"@id\":\"https:\/\/krajinaziva.sk\/prezentacie-z-informacnych-dni-ku-schvalenemu-strategickemu-planu-spp\/#primaryimage\"},\"thumbnailUrl\":\"https:\/\/krajinaziva.sk\/wp-content\/uploads\/2022\/03\/Ekofam-s.r.o..jpg\",\"datePublished\":\"2023-02-22T17:00:59+00:00\",\"dateModified\":\"2023-12-07T08:39:56+00:00\",\"breadcrumb\":{\"@id\":\"https:\/\/krajinaziva.sk\/prezentacie-z-informacnych-dni-ku-schvalenemu-strategickemu-planu-spp\/#breadcrumb\"},\"inLanguage\":\"en-GB\",\"potentialAction\":[{\"@type\":\"ReadAction\",\"target\":[\"https:\/\/krajinaziva.sk\/prezentacie-z-informacnych-dni-ku-schvalenemu-strategickemu-planu-spp\/\"]}]},{\"@type\":\"ImageObject\",\"inLanguage\":\"en-GB\",\"@id\":\"https:\/\/krajinaziva.sk\/prezentacie-z-informacnych-dni-ku-schvalenemu-strategickemu-planu-spp\/#primaryimage\",\"url\":\"https:\/\/krajinaziva.sk\/wp-content\/uploads\/2022\/03\/Ekofam-s.r.o..jpg\",\"contentUrl\":\"https:\/\/krajinaziva.sk\/wp-content\/uploads\/2022\/03\/Ekofam-s.r.o..jpg\",\"width\":870,\"height\":581},{\"@type\":\"BreadcrumbList\",\"@id\":\"https:\/\/krajinaziva.sk\/prezentacie-z-informacnych-dni-ku-schvalenemu-strategickemu-planu-spp\/#breadcrumb\",\"itemListElement\":[{\"@type\":\"ListItem\",\"position\":1,\"name\":\"Home\",\"item\":\"https:\/\/krajinaziva.sk\/\"},{\"@type\":\"ListItem\",\"position\":2,\"name\":\"Prezent\u00e1cie z Informa\u010dn\u00fdch dn\u00ed ku schv\u00e1len\u00e9mu Strategick\u00e9mu pl\u00e1nu SPP\"}]},{\"@type\":\"WebSite\",\"@id\":\"https:\/\/krajinaziva.sk\/#website\",\"url\":\"https:\/\/krajinaziva.sk\/\",\"name\":\"Krajina \u017eiv\u00e1\",\"description\":\"\u017div\u00e1 krajina prin\u00e1\u0161a hojnos\u0165 pre v\u0161etk\u00fdch\",\"publisher\":{\"@id\":\"https:\/\/krajinaziva.sk\/#organization\"},\"potentialAction\":[{\"@type\":\"SearchAction\",\"target\":{\"@type\":\"EntryPoint\",\"urlTemplate\":\"https:\/\/krajinaziva.sk\/?s={search_term_string}\"},\"query-input\":{\"@type\":\"PropertyValueSpecification\",\"valueRequired\":true,\"valueName\":\"search_term_string\"}}],\"inLanguage\":\"en-GB\"},{\"@type\":\"Organization\",\"@id\":\"https:\/\/krajinaziva.sk\/#organization\",\"name\":\"Krajina \u017eiv\u00e1\",\"url\":\"https:\/\/krajinaziva.sk\/\",\"logo\":{\"@type\":\"ImageObject\",\"inLanguage\":\"en-GB\",\"@id\":\"https:\/\/krajinaziva.sk\/#\/schema\/logo\/image\/\",\"url\":\"https:\/\/krajinaziva.sk\/wp-content\/uploads\/2026\/02\/2206_14_BROZ_Ktajina-ziva_1-43-2-1.png\",\"contentUrl\":\"https:\/\/krajinaziva.sk\/wp-content\/uploads\/2026\/02\/2206_14_BROZ_Ktajina-ziva_1-43-2-1.png\",\"width\":1080,\"height\":1080,\"caption\":\"Krajina \u017eiv\u00e1\"},\"image\":{\"@id\":\"https:\/\/krajinaziva.sk\/#\/schema\/logo\/image\/\"}},{\"@type\":\"Person\",\"@id\":\"https:\/\/krajinaziva.sk\/#\/schema\/person\/4863f5ffac31749c679b3cde32db1c55\",\"name\":\"Jakub Cibik\",\"image\":{\"@type\":\"ImageObject\",\"inLanguage\":\"en-GB\",\"@id\":\"https:\/\/krajinaziva.sk\/#\/schema\/person\/image\/\",\"url\":\"https:\/\/secure.gravatar.com\/avatar\/89b87096c4c29ae510ee715d1c86979a5a0a7c4994664d051d845737ab95c169?s=96&d=mm&r=g\",\"contentUrl\":\"https:\/\/secure.gravatar.com\/avatar\/89b87096c4c29ae510ee715d1c86979a5a0a7c4994664d051d845737ab95c169?s=96&d=mm&r=g\",\"caption\":\"Jakub Cibik\"},\"url\":\"https:\/\/krajinaziva.sk\/en\/author\/cibojak\/\"}]}<\/script>\n<!-- \/ Yoast SEO plugin. -->","yoast_head_json":{"title":"Prezent\u00e1cie z Informa\u010dn\u00fdch dn\u00ed ku schv\u00e1len\u00e9mu Strategick\u00e9mu pl\u00e1nu SPP - Krajina \u017eiv\u00e1","robots":{"index":"index","follow":"follow","max-snippet":"max-snippet:-1","max-image-preview":"max-image-preview:large","max-video-preview":"max-video-preview:-1"},"canonical":"https:\/\/krajinaziva.sk\/en\/prezentacie-z-informacnych-dni-ku-schvalenemu-strategickemu-planu-spp\/","og_locale":"en_GB","og_type":"article","og_title":"Prezent\u00e1cie z Informa\u010dn\u00fdch dn\u00ed ku schv\u00e1len\u00e9mu Strategick\u00e9mu pl\u00e1nu SPP - Krajina \u017eiv\u00e1","og_description":"In\u0161tit\u00fat znalostn\u00e9ho p\u00f4dohospod\u00e1rstva a rozvoja vidieka zverejnil na svojich str\u00e1nkach prezent\u00e1cie z Informa\u010dn\u00fdch dn\u00ed ku schv\u00e1len\u00e9mu Strategick\u00e9mu pl\u00e1nu Spolo\u010dnej po\u013enohospod\u00e1rskej politiky 2023 &#8211; 2027. Farm\u00e1ri si ich m\u00f4\u017eu vo\u013ene stiahnu\u0165 na https:\/\/www.nsrv.sk\/index.php?pl=18&amp;article=2939","og_url":"https:\/\/krajinaziva.sk\/en\/prezentacie-z-informacnych-dni-ku-schvalenemu-strategickemu-planu-spp\/","og_site_name":"Krajina \u017eiv\u00e1","article_published_time":"2023-02-22T17:00:59+00:00","article_modified_time":"2023-12-07T08:39:56+00:00","og_image":[{"width":870,"height":581,"url":"https:\/\/krajinaziva.sk\/wp-content\/uploads\/2022\/03\/Ekofam-s.r.o..jpg","type":"image\/jpeg"}],"author":"Jakub Cibik","twitter_card":"summary_large_image","twitter_misc":{"Written by":"Jakub Cibik","Estimated reading time":"1 minute"},"schema":{"@context":"https:\/\/schema.org","@graph":[{"@type":"Article","@id":"https:\/\/krajinaziva.sk\/prezentacie-z-informacnych-dni-ku-schvalenemu-strategickemu-planu-spp\/#article","isPartOf":{"@id":"https:\/\/krajinaziva.sk\/prezentacie-z-informacnych-dni-ku-schvalenemu-strategickemu-planu-spp\/"},"author":{"name":"Jakub Cibik","@id":"https:\/\/krajinaziva.sk\/#\/schema\/person\/4863f5ffac31749c679b3cde32db1c55"},"headline":"Prezent\u00e1cie z Informa\u010dn\u00fdch dn\u00ed ku schv\u00e1len\u00e9mu Strategick\u00e9mu pl\u00e1nu SPP","datePublished":"2023-02-22T17:00:59+00:00","dateModified":"2023-12-07T08:39:56+00:00","mainEntityOfPage":{"@id":"https:\/\/krajinaziva.sk\/prezentacie-z-informacnych-dni-ku-schvalenemu-strategickemu-planu-spp\/"},"wordCount":73,"publisher":{"@id":"https:\/\/krajinaziva.sk\/#organization"},"image":{"@id":"https:\/\/krajinaziva.sk\/prezentacie-z-informacnych-dni-ku-schvalenemu-strategickemu-planu-spp\/#primaryimage"},"thumbnailUrl":"https:\/\/krajinaziva.sk\/wp-content\/uploads\/2022\/03\/Ekofam-s.r.o..jpg","articleSection":["Novinky"],"inLanguage":"en-GB"},{"@type":"WebPage","@id":"https:\/\/krajinaziva.sk\/prezentacie-z-informacnych-dni-ku-schvalenemu-strategickemu-planu-spp\/","url":"https:\/\/krajinaziva.sk\/prezentacie-z-informacnych-dni-ku-schvalenemu-strategickemu-planu-spp\/","name":"Prezent\u00e1cie z Informa\u010dn\u00fdch dn\u00ed ku schv\u00e1len\u00e9mu Strategick\u00e9mu pl\u00e1nu SPP - Krajina \u017eiv\u00e1","isPartOf":{"@id":"https:\/\/krajinaziva.sk\/#website"},"primaryImageOfPage":{"@id":"https:\/\/krajinaziva.sk\/prezentacie-z-informacnych-dni-ku-schvalenemu-strategickemu-planu-spp\/#primaryimage"},"image":{"@id":"https:\/\/krajinaziva.sk\/prezentacie-z-informacnych-dni-ku-schvalenemu-strategickemu-planu-spp\/#primaryimage"},"thumbnailUrl":"https:\/\/krajinaziva.sk\/wp-content\/uploads\/2022\/03\/Ekofam-s.r.o..jpg","datePublished":"2023-02-22T17:00:59+00:00","dateModified":"2023-12-07T08:39:56+00:00","breadcrumb":{"@id":"https:\/\/krajinaziva.sk\/prezentacie-z-informacnych-dni-ku-schvalenemu-strategickemu-planu-spp\/#breadcrumb"},"inLanguage":"en-GB","potentialAction":[{"@type":"ReadAction","target":["https:\/\/krajinaziva.sk\/prezentacie-z-informacnych-dni-ku-schvalenemu-strategickemu-planu-spp\/"]}]},{"@type":"ImageObject","inLanguage":"en-GB","@id":"https:\/\/krajinaziva.sk\/prezentacie-z-informacnych-dni-ku-schvalenemu-strategickemu-planu-spp\/#primaryimage","url":"https:\/\/krajinaziva.sk\/wp-content\/uploads\/2022\/03\/Ekofam-s.r.o..jpg","contentUrl":"https:\/\/krajinaziva.sk\/wp-content\/uploads\/2022\/03\/Ekofam-s.r.o..jpg","width":870,"height":581},{"@type":"BreadcrumbList","@id":"https:\/\/krajinaziva.sk\/prezentacie-z-informacnych-dni-ku-schvalenemu-strategickemu-planu-spp\/#breadcrumb","itemListElement":[{"@type":"ListItem","position":1,"name":"Home","item":"https:\/\/krajinaziva.sk\/"},{"@type":"ListItem","position":2,"name":"Prezent\u00e1cie z Informa\u010dn\u00fdch dn\u00ed ku schv\u00e1len\u00e9mu Strategick\u00e9mu pl\u00e1nu SPP"}]},{"@type":"WebSite","@id":"https:\/\/krajinaziva.sk\/#website","url":"https:\/\/krajinaziva.sk\/","name":"Living landscape","description":"A living landscape brings wealth for all","publisher":{"@id":"https:\/\/krajinaziva.sk\/#organization"},"potentialAction":[{"@type":"SearchAction","target":{"@type":"EntryPoint","urlTemplate":"https:\/\/krajinaziva.sk\/?s={search_term_string}"},"query-input":{"@type":"PropertyValueSpecification","valueRequired":true,"valueName":"search_term_string"}}],"inLanguage":"en-GB"},{"@type":"Organization","@id":"https:\/\/krajinaziva.sk\/#organization","name":"Living landscape","url":"https:\/\/krajinaziva.sk\/","logo":{"@type":"ImageObject","inLanguage":"en-GB","@id":"https:\/\/krajinaziva.sk\/#\/schema\/logo\/image\/","url":"https:\/\/krajinaziva.sk\/wp-content\/uploads\/2026\/02\/2206_14_BROZ_Ktajina-ziva_1-43-2-1.png","contentUrl":"https:\/\/krajinaziva.sk\/wp-content\/uploads\/2026\/02\/2206_14_BROZ_Ktajina-ziva_1-43-2-1.png","width":1080,"height":1080,"caption":"Krajina \u017eiv\u00e1"},"image":{"@id":"https:\/\/krajinaziva.sk\/#\/schema\/logo\/image\/"}},{"@type":"Person","@id":"https:\/\/krajinaziva.sk\/#\/schema\/person\/4863f5ffac31749c679b3cde32db1c55","name":"Jakub Cibik","image":{"@type":"ImageObject","inLanguage":"en-GB","@id":"https:\/\/krajinaziva.sk\/#\/schema\/person\/image\/","url":"https:\/\/secure.gravatar.com\/avatar\/89b87096c4c29ae510ee715d1c86979a5a0a7c4994664d051d845737ab95c169?s=96&d=mm&r=g","contentUrl":"https:\/\/secure.gravatar.com\/avatar\/89b87096c4c29ae510ee715d1c86979a5a0a7c4994664d051d845737ab95c169?s=96&d=mm&r=g","caption":"Jakub Cibik"},"url":"https:\/\/krajinaziva.sk\/en\/author\/cibojak\/"}]}},"_links":{"self":[{"href":"https:\/\/krajinaziva.sk\/en\/wp-json\/wp\/v2\/posts\/3994","targetHints":{"allow":["GET"]}}],"collection":[{"href":"https:\/\/krajinaziva.sk\/en\/wp-json\/wp\/v2\/posts"}],"about":[{"href":"https:\/\/krajinaziva.sk\/en\/wp-json\/wp\/v2\/types\/post"}],"author":[{"embeddable":true,"href":"https:\/\/krajinaziva.sk\/en\/wp-json\/wp\/v2\/users\/4"}],"replies":[{"embeddable":true,"href":"https:\/\/krajinaziva.sk\/en\/wp-json\/wp\/v2\/comments?post=3994"}],"version-history":[{"count":1,"href":"https:\/\/krajinaziva.sk\/en\/wp-json\/wp\/v2\/posts\/3994\/revisions"}],"predecessor-version":[{"id":3995,"href":"https:\/\/krajinaziva.sk\/en\/wp-json\/wp\/v2\/posts\/3994\/revisions\/3995"}],"wp:featuredmedia":[{"embeddable":true,"href":"https:\/\/krajinaziva.sk\/en\/wp-json\/wp\/v2\/media\/3380"}],"wp:attachment":[{"href":"https:\/\/krajinaziva.sk\/en\/wp-json\/wp\/v2\/media?parent=3994"}],"wp:term":[{"taxonomy":"category","embeddable":true,"href":"https:\/\/krajinaziva.sk\/en\/wp-json\/wp\/v2\/categories?post=3994"},{"taxonomy":"post_tag","embeddable":true,"href":"https:\/\/krajinaziva.sk\/en\/wp-json\/wp\/v2\/tags?post=3994"},{"taxonomy":"citadela-post-location","embeddable":true,"href":"https:\/\/krajinaziva.sk\/en\/wp-json\/wp\/v2\/citadela-post-location?post=3994"}],"curies":[{"name":"wp","href":"https:\/\/api.w.org\/{rel}","templated":true}]}}