{"id":3948,"date":"2023-01-18T12:27:32","date_gmt":"2023-01-18T11:27:32","guid":{"rendered":"https:\/\/krajinaziva.sk\/?p=3948"},"modified":"2023-01-18T12:38:48","modified_gmt":"2023-01-18T11:38:48","slug":"ake-dotacie-mozno-cerpat-na-hospodarenie-v-sulade-s-prirodou","status":"publish","type":"post","link":"https:\/\/krajinaziva.sk\/en\/ake-dotacie-mozno-cerpat-na-hospodarenie-v-sulade-s-prirodou\/","title":{"rendered":"Ak\u00e9 dot\u00e1cie mo\u017eno \u010derpa\u0165 na hospod\u00e1renie v s\u00falade s pr\u00edrodou?"},"content":{"rendered":"<p>Pravidl\u00e1 Spolo\u010dnej po\u013enohospod\u00e1rskej politiky na roky 2023 \u2013 2027 umo\u017e\u0148uj\u00fa po\u013enohospod\u00e1rom \u010derpa\u0165 mno\u017estvo dot\u00e1ci\u00ed, sl\u00fa\u017eiacich na podporu pr\u00edrode bli\u017e\u0161ieho obhospodarovania krajiny. V\u0161etky s\u00fa preh\u013eadne zhrnut\u00e9, spolu so z\u00e1kladn\u00fdmi podmienkami ich \u010derpania, vo Farm\u00e1rskom manu\u00e1li, o ktorom sme v\u00e1s u\u017e informovali a ktor\u00fd je dostupn\u00fd tu: <a href=\"https:\/\/www.mpsr.sk\/out.php?urlid=108&amp;fbclid=IwAR1AsIYTsJRLEOhYAQE2bwfFJbGkjdN8PdO8F677yqmz6t0rjW_NbSPq0wI\" target=\"_blank\" rel=\"noreferrer noopener\">https:\/\/www.mpsr.sk\/out.php?urlid=108<\/a>. Pre lep\u0161iu predstavu v\u00e1m v\u0161ak prin\u00e1\u0161ame aspo\u0148 stru\u010dn\u00fd preh\u013ead, ako si mo\u017eno hospod\u00e1ren\u00edm v s\u00falade s pr\u00edrodou finan\u010dne prilep\u0161i\u0165.<\/p>\n\n\n\n<p><\/p>\n\n\n\n<p>V r\u00e1mci <strong>1. piliera<\/strong> je po novom mo\u017en\u00e9 okrem z\u00e1kladn\u00fdch priamych platieb vst\u00fapi\u0165 do dobrovo\u013enej <strong>celofarmovej eko-sch\u00e9my<\/strong>. Podmienky, ktor\u00e9 je potrebn\u00e9 splni\u0165 sa l\u00ed\u0161ia pod\u013ea ve\u013ekosti farmy a tie\u017e pomeru ornej p\u00f4dy a trval\u00fdch tr\u00e1vnych porastov. Celkom preh\u013eadne s\u00fa zhrnut\u00e9 v tabu\u013eke ni\u017e\u0161ie. V z\u00e1sade ide najm\u00e4 o udr\u017eiavanie v\u00e4\u010d\u0161ieho mno\u017estva neproduk\u010dn\u00fdch prvkov, rozde\u013eovanie ve\u013ek\u00fdch l\u00e1nov biop\u00e1smi a odlo\u017eenie kosenia na \u010dasti l\u00fak. V celofarmovej eko-sch\u00e9me si bude m\u00f4c\u0165 farm\u00e1r prilep\u0161i\u0165 pribli\u017ene o 59\u20ac\/ha a v chr\u00e1nen\u00fdch \u00fazemiach dokonca o 91\u20ac\/ha.<\/p>\n\n\n\n<figure class=\"wp-block-image alignfull size-large\"><img fetchpriority=\"high\" decoding=\"async\" width=\"1024\" height=\"560\" src=\"https:\/\/krajinaziva.sk\/wp-content\/uploads\/2023\/01\/tabulka_ekoschemy-1-1024x560.jpg\" alt=\"\" class=\"wp-image-3951\" srcset=\"https:\/\/krajinaziva.sk\/wp-content\/uploads\/2023\/01\/tabulka_ekoschemy-1-1024x560.jpg 1024w, https:\/\/krajinaziva.sk\/wp-content\/uploads\/2023\/01\/tabulka_ekoschemy-1-300x164.jpg 300w, https:\/\/krajinaziva.sk\/wp-content\/uploads\/2023\/01\/tabulka_ekoschemy-1-768x420.jpg 768w, https:\/\/krajinaziva.sk\/wp-content\/uploads\/2023\/01\/tabulka_ekoschemy-1-370x202.jpg 370w, https:\/\/krajinaziva.sk\/wp-content\/uploads\/2023\/01\/tabulka_ekoschemy-1-770x421.jpg 770w, https:\/\/krajinaziva.sk\/wp-content\/uploads\/2023\/01\/tabulka_ekoschemy-1.jpg 1111w\" sizes=\"(max-width: 1024px) 100vw, 1024px\" \/><figcaption class=\"wp-element-caption\">Zdroj: https:\/\/www.mpsr.sk\/rozvoj-vidieka-a-priame-platby-rybne-hospodarstvo\/podmienky-opravnenosti\/47-43-1573<\/figcaption><\/figure>\n\n\n\n<p><\/p>\n\n\n\n<p>Druh\u00e1 eko-sch\u00e9ma m\u00e1 n\u00e1zov <strong>Dobr\u00e9 \u017eivotn\u00e9 podmienky zvierat \u2013 Pastevn\u00fd chov<\/strong>. Ak farm\u00e1r pasie zvierat\u00e1 aspo\u0148 120 dn\u00ed (v pr\u00edpade jalov\u00edc 150 dn\u00ed) v roku a spln\u00ed zop\u00e1r \u010fal\u0161\u00edch podmienok, m\u00f4\u017ee z\u00edska\u0165 cca 130\u20ac\/DJ oviec, k\u00f4z a jalov\u00edc a 320\u20ac\/DJ dojn\u00edc.<\/p>\n\n\n\n<p>\u010eal\u0161ie pr\u00edspevky je mo\u017en\u00e9 z\u00edska\u0165 aj z <strong>2. piliera<\/strong>. Ide napr\u00edklad o 11 r\u00f4znych intervenci\u00ed, zameran\u00fdch na \u201e<em><strong>environment\u00e1lne, klimatick\u00e9 a in\u00e9 z\u00e1v\u00e4zky t\u00fdkaj\u00face sa hospod\u00e1renia<\/strong><\/em>\u201c, ktor\u00e9 s\u00fa v manu\u00e1li ozna\u010den\u00e9 \u010d\u00edslami 70.XX. Vypl\u00e1can\u00e1 suma sa pri nich pohybuje v rozmedz\u00ed od 60 do 250 \u20ac\/ha. Z poh\u013eadu prepojenia ochrany pr\u00edrody a po\u013enohospod\u00e1rstva s\u00fa zauj\u00edmav\u00e9 najm\u00e4 intervencie \u201e<strong>Ochrana a zachovanie biodiverzity (70.07)<\/strong>\u201c. V\u010faka nim je mo\u017en\u00e9 z\u00edska\u0165 dot\u00e1cie na ochranu biotopov dropa ve\u013ek\u00e9ho a sys\u013ea pasienkov\u00e9 alebo za obhospodarovanie biotopov druhov tr\u00e1vnych porastov v \u00fazemiach eur\u00f3pskeho v\u00fdznamu. Farm\u00e1ri hospod\u00e1riaci v \u00fazemiach NATURA 2000 v 4. a 5. stupni ochrany navy\u0161e m\u00f4\u017eu aj dot\u00e1ciu vo v\u00fd\u0161ke 84\u20ac\/ha z intervencie \u201e<strong>Platba v r\u00e1mci s\u00fastavy Natura 2000 na po\u013enohospod\u00e1rskej p\u00f4de (TTP) (72.01)<\/strong>\u201c. Do hry tie\u017e vstupuje intervencia \u201e<strong>Zatr\u00e1v\u0148ovanie podm\u00e1\u010danej ornej p\u00f4dy (70.08)<\/strong>\u201c, v r\u00e1mci ktorej je mo\u017en\u00e9 z\u00edska\u0165 300\u20ac\/ha na zatr\u00e1vnenie aspo\u0148 5 ha \u0165a\u017eko obhospodarovate\u013enej podm\u00e1\u010danej ornej p\u00f4dy. Nemal\u00e9 pr\u00edplatky v rozsahu 170-500 \u20ac\/ha m\u00f4\u017eu z\u00edska\u0165 aj <strong>ekologick\u00ed po\u013enohospod\u00e1ri<\/strong> (intervencia <strong>70.04<\/strong>), a tie\u017e t\u00ed, ktor\u00ed <strong>hospod\u00e1ria v znev\u00fdhodnen\u00fdch oblastiach<\/strong> (<strong>71.01<\/strong>). Z \u010fal\u0161\u00edch intervenci\u00ed, ktor\u00e9 m\u00f4\u017eu zlep\u0161i\u0165 stav krajiny a biodiverzity, stoja za zmienku napr\u00edklad tie, ktor\u00e9 s\u00fa zameran\u00e9 na <strong>zakladanie a \u00fadr\u017ebu agrolesn\u00edckeho syst\u00e9mu<\/strong> (<strong>70.01<\/strong> a <strong>73.01<\/strong>) a <strong>l\u00edniov\u00fdch vegeta\u010dn\u00fdch prvkov<\/strong> (<strong>70.02<\/strong> a <strong>73.02<\/strong>) alebo <strong>invest\u00edcie do biohospod\u00e1rstva<\/strong> (<strong>73.19.<\/strong>) \u010di z\u00edskavania a udr\u017eanie mlad\u00fdch po\u013enohospod\u00e1rov (<strong>75.1<\/strong>). <\/p>\n\n\n\n<p>Pr\u00edrode bl\u00edzki farm\u00e1ri si teda po novom maj\u00fa z \u010doho vybera\u0165, aspo\u0148 na papieri. My preto d\u00fafame, \u017ee Ministerstvo p\u00f4dohospod\u00e1rstva nastav\u00ed podmienky vypl\u00e1cania dot\u00e1ci\u00ed dostato\u010dne motiva\u010dne a odstr\u00e1ni tie\u017e zbyto\u010dn\u00fa byrokraciu, na ktor\u00fa sa n\u00e1m farm\u00e1ri \u010dasto s\u0165a\u017euj\u00fa.<\/p>","protected":false},"excerpt":{"rendered":"<p>Pravidl\u00e1 Spolo\u010dnej po\u013enohospod\u00e1rskej politiky na roky 2023 \u2013 2027 umo\u017e\u0148uj\u00fa po\u013enohospod\u00e1rom \u010derpa\u0165 mno\u017estvo dot\u00e1ci\u00ed, sl\u00fa\u017eiacich na podporu pr\u00edrode bli\u017e\u0161ieho obhospodarovania krajiny. V\u0161etky s\u00fa preh\u013eadne zhrnut\u00e9, spolu so z\u00e1kladn\u00fdmi podmienkami ich \u010derpania, vo Farm\u00e1rskom&hellip;<\/p>","protected":false},"author":4,"featured_media":3950,"comment_status":"closed","ping_status":"closed","sticky":false,"template":"","format":"standard","meta":{"give_campaign_id":0,"_monsterinsights_skip_tracking":false,"_monsterinsights_sitenote_active":false,"_monsterinsights_sitenote_note":"","_monsterinsights_sitenote_category":0,"footnotes":""},"categories":[83],"tags":[],"citadela-post-location":[],"class_list":["post-3948","post","type-post","status-publish","format-standard","has-post-thumbnail","hentry","category-novinky"],"yoast_head":"<!-- This site is optimized with the Yoast SEO plugin v26.4 - https:\/\/yoast.com\/wordpress\/plugins\/seo\/ -->\n<title>Ak\u00e9 dot\u00e1cie mo\u017eno \u010derpa\u0165 na hospod\u00e1renie v s\u00falade s pr\u00edrodou? - Krajina \u017eiv\u00e1<\/title>\n<meta name=\"robots\" content=\"index, follow, max-snippet:-1, max-image-preview:large, max-video-preview:-1\" \/>\n<link rel=\"canonical\" href=\"https:\/\/krajinaziva.sk\/en\/ake-dotacie-mozno-cerpat-na-hospodarenie-v-sulade-s-prirodou\/\" \/>\n<meta property=\"og:locale\" content=\"en_GB\" \/>\n<meta property=\"og:type\" content=\"article\" \/>\n<meta property=\"og:title\" content=\"Ak\u00e9 dot\u00e1cie mo\u017eno \u010derpa\u0165 na hospod\u00e1renie v s\u00falade s pr\u00edrodou? - Krajina \u017eiv\u00e1\" \/>\n<meta property=\"og:description\" content=\"Pravidl\u00e1 Spolo\u010dnej po\u013enohospod\u00e1rskej politiky na roky 2023 \u2013 2027 umo\u017e\u0148uj\u00fa po\u013enohospod\u00e1rom \u010derpa\u0165 mno\u017estvo dot\u00e1ci\u00ed, sl\u00fa\u017eiacich na podporu pr\u00edrode bli\u017e\u0161ieho obhospodarovania krajiny. V\u0161etky s\u00fa preh\u013eadne zhrnut\u00e9, spolu so z\u00e1kladn\u00fdmi podmienkami ich \u010derpania, vo Farm\u00e1rskom&hellip;\" \/>\n<meta property=\"og:url\" content=\"https:\/\/krajinaziva.sk\/en\/ake-dotacie-mozno-cerpat-na-hospodarenie-v-sulade-s-prirodou\/\" \/>\n<meta property=\"og:site_name\" content=\"Krajina \u017eiv\u00e1\" \/>\n<meta property=\"article:published_time\" content=\"2023-01-18T11:27:32+00:00\" \/>\n<meta property=\"article:modified_time\" content=\"2023-01-18T11:38:48+00:00\" \/>\n<meta property=\"og:image\" content=\"https:\/\/krajinaziva.sk\/wp-content\/uploads\/2023\/01\/DSC08044.jpg\" \/>\n\t<meta property=\"og:image:width\" content=\"1620\" \/>\n\t<meta property=\"og:image:height\" content=\"1080\" \/>\n\t<meta property=\"og:image:type\" content=\"image\/jpeg\" \/>\n<meta name=\"author\" content=\"Jakub Cibik\" \/>\n<meta name=\"twitter:card\" content=\"summary_large_image\" \/>\n<meta name=\"twitter:label1\" content=\"Written by\" \/>\n\t<meta name=\"twitter:data1\" content=\"Jakub Cibik\" \/>\n\t<meta name=\"twitter:label2\" content=\"Estimated reading time\" \/>\n\t<meta name=\"twitter:data2\" content=\"3 minutes\" \/>\n<script type=\"application\/ld+json\" class=\"yoast-schema-graph\">{\"@context\":\"https:\/\/schema.org\",\"@graph\":[{\"@type\":\"Article\",\"@id\":\"https:\/\/krajinaziva.sk\/ake-dotacie-mozno-cerpat-na-hospodarenie-v-sulade-s-prirodou\/#article\",\"isPartOf\":{\"@id\":\"https:\/\/krajinaziva.sk\/ake-dotacie-mozno-cerpat-na-hospodarenie-v-sulade-s-prirodou\/\"},\"author\":{\"name\":\"Jakub Cibik\",\"@id\":\"https:\/\/krajinaziva.sk\/#\/schema\/person\/4863f5ffac31749c679b3cde32db1c55\"},\"headline\":\"Ak\u00e9 dot\u00e1cie mo\u017eno \u010derpa\u0165 na hospod\u00e1renie v s\u00falade s pr\u00edrodou?\",\"datePublished\":\"2023-01-18T11:27:32+00:00\",\"dateModified\":\"2023-01-18T11:38:48+00:00\",\"mainEntityOfPage\":{\"@id\":\"https:\/\/krajinaziva.sk\/ake-dotacie-mozno-cerpat-na-hospodarenie-v-sulade-s-prirodou\/\"},\"wordCount\":616,\"publisher\":{\"@id\":\"https:\/\/krajinaziva.sk\/#organization\"},\"image\":{\"@id\":\"https:\/\/krajinaziva.sk\/ake-dotacie-mozno-cerpat-na-hospodarenie-v-sulade-s-prirodou\/#primaryimage\"},\"thumbnailUrl\":\"https:\/\/krajinaziva.sk\/wp-content\/uploads\/2023\/01\/DSC08044.jpg\",\"articleSection\":[\"Novinky\"],\"inLanguage\":\"en-GB\"},{\"@type\":\"WebPage\",\"@id\":\"https:\/\/krajinaziva.sk\/ake-dotacie-mozno-cerpat-na-hospodarenie-v-sulade-s-prirodou\/\",\"url\":\"https:\/\/krajinaziva.sk\/ake-dotacie-mozno-cerpat-na-hospodarenie-v-sulade-s-prirodou\/\",\"name\":\"Ak\u00e9 dot\u00e1cie mo\u017eno \u010derpa\u0165 na hospod\u00e1renie v s\u00falade s pr\u00edrodou? - Krajina \u017eiv\u00e1\",\"isPartOf\":{\"@id\":\"https:\/\/krajinaziva.sk\/#website\"},\"primaryImageOfPage\":{\"@id\":\"https:\/\/krajinaziva.sk\/ake-dotacie-mozno-cerpat-na-hospodarenie-v-sulade-s-prirodou\/#primaryimage\"},\"image\":{\"@id\":\"https:\/\/krajinaziva.sk\/ake-dotacie-mozno-cerpat-na-hospodarenie-v-sulade-s-prirodou\/#primaryimage\"},\"thumbnailUrl\":\"https:\/\/krajinaziva.sk\/wp-content\/uploads\/2023\/01\/DSC08044.jpg\",\"datePublished\":\"2023-01-18T11:27:32+00:00\",\"dateModified\":\"2023-01-18T11:38:48+00:00\",\"breadcrumb\":{\"@id\":\"https:\/\/krajinaziva.sk\/ake-dotacie-mozno-cerpat-na-hospodarenie-v-sulade-s-prirodou\/#breadcrumb\"},\"inLanguage\":\"en-GB\",\"potentialAction\":[{\"@type\":\"ReadAction\",\"target\":[\"https:\/\/krajinaziva.sk\/ake-dotacie-mozno-cerpat-na-hospodarenie-v-sulade-s-prirodou\/\"]}]},{\"@type\":\"ImageObject\",\"inLanguage\":\"en-GB\",\"@id\":\"https:\/\/krajinaziva.sk\/ake-dotacie-mozno-cerpat-na-hospodarenie-v-sulade-s-prirodou\/#primaryimage\",\"url\":\"https:\/\/krajinaziva.sk\/wp-content\/uploads\/2023\/01\/DSC08044.jpg\",\"contentUrl\":\"https:\/\/krajinaziva.sk\/wp-content\/uploads\/2023\/01\/DSC08044.jpg\",\"width\":1620,\"height\":1080},{\"@type\":\"BreadcrumbList\",\"@id\":\"https:\/\/krajinaziva.sk\/ake-dotacie-mozno-cerpat-na-hospodarenie-v-sulade-s-prirodou\/#breadcrumb\",\"itemListElement\":[{\"@type\":\"ListItem\",\"position\":1,\"name\":\"Home\",\"item\":\"https:\/\/krajinaziva.sk\/\"},{\"@type\":\"ListItem\",\"position\":2,\"name\":\"Ak\u00e9 dot\u00e1cie mo\u017eno \u010derpa\u0165 na hospod\u00e1renie v s\u00falade s pr\u00edrodou?\"}]},{\"@type\":\"WebSite\",\"@id\":\"https:\/\/krajinaziva.sk\/#website\",\"url\":\"https:\/\/krajinaziva.sk\/\",\"name\":\"Krajina \u017eiv\u00e1\",\"description\":\"\u017div\u00e1 krajina prin\u00e1\u0161a hojnos\u0165 pre v\u0161etk\u00fdch\",\"publisher\":{\"@id\":\"https:\/\/krajinaziva.sk\/#organization\"},\"potentialAction\":[{\"@type\":\"SearchAction\",\"target\":{\"@type\":\"EntryPoint\",\"urlTemplate\":\"https:\/\/krajinaziva.sk\/?s={search_term_string}\"},\"query-input\":{\"@type\":\"PropertyValueSpecification\",\"valueRequired\":true,\"valueName\":\"search_term_string\"}}],\"inLanguage\":\"en-GB\"},{\"@type\":\"Organization\",\"@id\":\"https:\/\/krajinaziva.sk\/#organization\",\"name\":\"Krajina \u017eiv\u00e1\",\"url\":\"https:\/\/krajinaziva.sk\/\",\"logo\":{\"@type\":\"ImageObject\",\"inLanguage\":\"en-GB\",\"@id\":\"https:\/\/krajinaziva.sk\/#\/schema\/logo\/image\/\",\"url\":\"https:\/\/krajinaziva.sk\/wp-content\/uploads\/2026\/02\/2206_14_BROZ_Ktajina-ziva_1-43-2-1.png\",\"contentUrl\":\"https:\/\/krajinaziva.sk\/wp-content\/uploads\/2026\/02\/2206_14_BROZ_Ktajina-ziva_1-43-2-1.png\",\"width\":1080,\"height\":1080,\"caption\":\"Krajina \u017eiv\u00e1\"},\"image\":{\"@id\":\"https:\/\/krajinaziva.sk\/#\/schema\/logo\/image\/\"}},{\"@type\":\"Person\",\"@id\":\"https:\/\/krajinaziva.sk\/#\/schema\/person\/4863f5ffac31749c679b3cde32db1c55\",\"name\":\"Jakub Cibik\",\"image\":{\"@type\":\"ImageObject\",\"inLanguage\":\"en-GB\",\"@id\":\"https:\/\/krajinaziva.sk\/#\/schema\/person\/image\/\",\"url\":\"https:\/\/secure.gravatar.com\/avatar\/89b87096c4c29ae510ee715d1c86979a5a0a7c4994664d051d845737ab95c169?s=96&d=mm&r=g\",\"contentUrl\":\"https:\/\/secure.gravatar.com\/avatar\/89b87096c4c29ae510ee715d1c86979a5a0a7c4994664d051d845737ab95c169?s=96&d=mm&r=g\",\"caption\":\"Jakub Cibik\"},\"url\":\"https:\/\/krajinaziva.sk\/en\/author\/cibojak\/\"}]}<\/script>\n<!-- \/ Yoast SEO plugin. -->","yoast_head_json":{"title":"Ak\u00e9 dot\u00e1cie mo\u017eno \u010derpa\u0165 na hospod\u00e1renie v s\u00falade s pr\u00edrodou? - Krajina \u017eiv\u00e1","robots":{"index":"index","follow":"follow","max-snippet":"max-snippet:-1","max-image-preview":"max-image-preview:large","max-video-preview":"max-video-preview:-1"},"canonical":"https:\/\/krajinaziva.sk\/en\/ake-dotacie-mozno-cerpat-na-hospodarenie-v-sulade-s-prirodou\/","og_locale":"en_GB","og_type":"article","og_title":"Ak\u00e9 dot\u00e1cie mo\u017eno \u010derpa\u0165 na hospod\u00e1renie v s\u00falade s pr\u00edrodou? - Krajina \u017eiv\u00e1","og_description":"Pravidl\u00e1 Spolo\u010dnej po\u013enohospod\u00e1rskej politiky na roky 2023 \u2013 2027 umo\u017e\u0148uj\u00fa po\u013enohospod\u00e1rom \u010derpa\u0165 mno\u017estvo dot\u00e1ci\u00ed, sl\u00fa\u017eiacich na podporu pr\u00edrode bli\u017e\u0161ieho obhospodarovania krajiny. V\u0161etky s\u00fa preh\u013eadne zhrnut\u00e9, spolu so z\u00e1kladn\u00fdmi podmienkami ich \u010derpania, vo Farm\u00e1rskom&hellip;","og_url":"https:\/\/krajinaziva.sk\/en\/ake-dotacie-mozno-cerpat-na-hospodarenie-v-sulade-s-prirodou\/","og_site_name":"Krajina \u017eiv\u00e1","article_published_time":"2023-01-18T11:27:32+00:00","article_modified_time":"2023-01-18T11:38:48+00:00","og_image":[{"width":1620,"height":1080,"url":"https:\/\/krajinaziva.sk\/wp-content\/uploads\/2023\/01\/DSC08044.jpg","type":"image\/jpeg"}],"author":"Jakub Cibik","twitter_card":"summary_large_image","twitter_misc":{"Written by":"Jakub Cibik","Estimated reading time":"3 minutes"},"schema":{"@context":"https:\/\/schema.org","@graph":[{"@type":"Article","@id":"https:\/\/krajinaziva.sk\/ake-dotacie-mozno-cerpat-na-hospodarenie-v-sulade-s-prirodou\/#article","isPartOf":{"@id":"https:\/\/krajinaziva.sk\/ake-dotacie-mozno-cerpat-na-hospodarenie-v-sulade-s-prirodou\/"},"author":{"name":"Jakub Cibik","@id":"https:\/\/krajinaziva.sk\/#\/schema\/person\/4863f5ffac31749c679b3cde32db1c55"},"headline":"Ak\u00e9 dot\u00e1cie mo\u017eno \u010derpa\u0165 na hospod\u00e1renie v s\u00falade s pr\u00edrodou?","datePublished":"2023-01-18T11:27:32+00:00","dateModified":"2023-01-18T11:38:48+00:00","mainEntityOfPage":{"@id":"https:\/\/krajinaziva.sk\/ake-dotacie-mozno-cerpat-na-hospodarenie-v-sulade-s-prirodou\/"},"wordCount":616,"publisher":{"@id":"https:\/\/krajinaziva.sk\/#organization"},"image":{"@id":"https:\/\/krajinaziva.sk\/ake-dotacie-mozno-cerpat-na-hospodarenie-v-sulade-s-prirodou\/#primaryimage"},"thumbnailUrl":"https:\/\/krajinaziva.sk\/wp-content\/uploads\/2023\/01\/DSC08044.jpg","articleSection":["Novinky"],"inLanguage":"en-GB"},{"@type":"WebPage","@id":"https:\/\/krajinaziva.sk\/ake-dotacie-mozno-cerpat-na-hospodarenie-v-sulade-s-prirodou\/","url":"https:\/\/krajinaziva.sk\/ake-dotacie-mozno-cerpat-na-hospodarenie-v-sulade-s-prirodou\/","name":"Ak\u00e9 dot\u00e1cie mo\u017eno \u010derpa\u0165 na hospod\u00e1renie v s\u00falade s pr\u00edrodou? - Krajina \u017eiv\u00e1","isPartOf":{"@id":"https:\/\/krajinaziva.sk\/#website"},"primaryImageOfPage":{"@id":"https:\/\/krajinaziva.sk\/ake-dotacie-mozno-cerpat-na-hospodarenie-v-sulade-s-prirodou\/#primaryimage"},"image":{"@id":"https:\/\/krajinaziva.sk\/ake-dotacie-mozno-cerpat-na-hospodarenie-v-sulade-s-prirodou\/#primaryimage"},"thumbnailUrl":"https:\/\/krajinaziva.sk\/wp-content\/uploads\/2023\/01\/DSC08044.jpg","datePublished":"2023-01-18T11:27:32+00:00","dateModified":"2023-01-18T11:38:48+00:00","breadcrumb":{"@id":"https:\/\/krajinaziva.sk\/ake-dotacie-mozno-cerpat-na-hospodarenie-v-sulade-s-prirodou\/#breadcrumb"},"inLanguage":"en-GB","potentialAction":[{"@type":"ReadAction","target":["https:\/\/krajinaziva.sk\/ake-dotacie-mozno-cerpat-na-hospodarenie-v-sulade-s-prirodou\/"]}]},{"@type":"ImageObject","inLanguage":"en-GB","@id":"https:\/\/krajinaziva.sk\/ake-dotacie-mozno-cerpat-na-hospodarenie-v-sulade-s-prirodou\/#primaryimage","url":"https:\/\/krajinaziva.sk\/wp-content\/uploads\/2023\/01\/DSC08044.jpg","contentUrl":"https:\/\/krajinaziva.sk\/wp-content\/uploads\/2023\/01\/DSC08044.jpg","width":1620,"height":1080},{"@type":"BreadcrumbList","@id":"https:\/\/krajinaziva.sk\/ake-dotacie-mozno-cerpat-na-hospodarenie-v-sulade-s-prirodou\/#breadcrumb","itemListElement":[{"@type":"ListItem","position":1,"name":"Home","item":"https:\/\/krajinaziva.sk\/"},{"@type":"ListItem","position":2,"name":"Ak\u00e9 dot\u00e1cie mo\u017eno \u010derpa\u0165 na hospod\u00e1renie v s\u00falade s pr\u00edrodou?"}]},{"@type":"WebSite","@id":"https:\/\/krajinaziva.sk\/#website","url":"https:\/\/krajinaziva.sk\/","name":"Living landscape","description":"A living landscape brings wealth for all","publisher":{"@id":"https:\/\/krajinaziva.sk\/#organization"},"potentialAction":[{"@type":"SearchAction","target":{"@type":"EntryPoint","urlTemplate":"https:\/\/krajinaziva.sk\/?s={search_term_string}"},"query-input":{"@type":"PropertyValueSpecification","valueRequired":true,"valueName":"search_term_string"}}],"inLanguage":"en-GB"},{"@type":"Organization","@id":"https:\/\/krajinaziva.sk\/#organization","name":"Living landscape","url":"https:\/\/krajinaziva.sk\/","logo":{"@type":"ImageObject","inLanguage":"en-GB","@id":"https:\/\/krajinaziva.sk\/#\/schema\/logo\/image\/","url":"https:\/\/krajinaziva.sk\/wp-content\/uploads\/2026\/02\/2206_14_BROZ_Ktajina-ziva_1-43-2-1.png","contentUrl":"https:\/\/krajinaziva.sk\/wp-content\/uploads\/2026\/02\/2206_14_BROZ_Ktajina-ziva_1-43-2-1.png","width":1080,"height":1080,"caption":"Krajina \u017eiv\u00e1"},"image":{"@id":"https:\/\/krajinaziva.sk\/#\/schema\/logo\/image\/"}},{"@type":"Person","@id":"https:\/\/krajinaziva.sk\/#\/schema\/person\/4863f5ffac31749c679b3cde32db1c55","name":"Jakub Cibik","image":{"@type":"ImageObject","inLanguage":"en-GB","@id":"https:\/\/krajinaziva.sk\/#\/schema\/person\/image\/","url":"https:\/\/secure.gravatar.com\/avatar\/89b87096c4c29ae510ee715d1c86979a5a0a7c4994664d051d845737ab95c169?s=96&d=mm&r=g","contentUrl":"https:\/\/secure.gravatar.com\/avatar\/89b87096c4c29ae510ee715d1c86979a5a0a7c4994664d051d845737ab95c169?s=96&d=mm&r=g","caption":"Jakub Cibik"},"url":"https:\/\/krajinaziva.sk\/en\/author\/cibojak\/"}]}},"_links":{"self":[{"href":"https:\/\/krajinaziva.sk\/en\/wp-json\/wp\/v2\/posts\/3948","targetHints":{"allow":["GET"]}}],"collection":[{"href":"https:\/\/krajinaziva.sk\/en\/wp-json\/wp\/v2\/posts"}],"about":[{"href":"https:\/\/krajinaziva.sk\/en\/wp-json\/wp\/v2\/types\/post"}],"author":[{"embeddable":true,"href":"https:\/\/krajinaziva.sk\/en\/wp-json\/wp\/v2\/users\/4"}],"replies":[{"embeddable":true,"href":"https:\/\/krajinaziva.sk\/en\/wp-json\/wp\/v2\/comments?post=3948"}],"version-history":[{"count":5,"href":"https:\/\/krajinaziva.sk\/en\/wp-json\/wp\/v2\/posts\/3948\/revisions"}],"predecessor-version":[{"id":3957,"href":"https:\/\/krajinaziva.sk\/en\/wp-json\/wp\/v2\/posts\/3948\/revisions\/3957"}],"wp:featuredmedia":[{"embeddable":true,"href":"https:\/\/krajinaziva.sk\/en\/wp-json\/wp\/v2\/media\/3950"}],"wp:attachment":[{"href":"https:\/\/krajinaziva.sk\/en\/wp-json\/wp\/v2\/media?parent=3948"}],"wp:term":[{"taxonomy":"category","embeddable":true,"href":"https:\/\/krajinaziva.sk\/en\/wp-json\/wp\/v2\/categories?post=3948"},{"taxonomy":"post_tag","embeddable":true,"href":"https:\/\/krajinaziva.sk\/en\/wp-json\/wp\/v2\/tags?post=3948"},{"taxonomy":"citadela-post-location","embeddable":true,"href":"https:\/\/krajinaziva.sk\/en\/wp-json\/wp\/v2\/citadela-post-location?post=3948"}],"curies":[{"name":"wp","href":"https:\/\/api.w.org\/{rel}","templated":true}]}}