{"id":3865,"date":"2022-07-04T17:40:25","date_gmt":"2022-07-04T15:40:25","guid":{"rendered":"https:\/\/krajinaziva.sk\/?p=3865"},"modified":"2022-11-24T12:26:01","modified_gmt":"2022-11-24T11:26:01","slug":"ovocna-a-okrasna-skolka-biele-karpaty-uchovava-genofond-krajovych-odrod","status":"publish","type":"post","link":"https:\/\/krajinaziva.sk\/en\/ovocna-a-okrasna-skolka-biele-karpaty-uchovava-genofond-krajovych-odrod\/","title":{"rendered":"Ovocn\u00e1 a okrasn\u00e1 \u0161k\u00f4lka Biele Karpaty uchov\u00e1va genofond krajov\u00fdch odr\u00f4d"},"content":{"rendered":"<div data-elementor-type=\"wp-post\" data-elementor-id=\"3865\" class=\"elementor elementor-3865\">\n\t\t\t\t\t\t<section class=\"elementor-section elementor-top-section elementor-element elementor-element-9116810 elementor-section-full_width elementor-section-height-default elementor-section-height-default\" data-id=\"9116810\" data-element_type=\"section\">\n\t\t\t\t\t\t<div class=\"elementor-container elementor-column-gap-default\">\n\t\t\t\t\t<div class=\"elementor-column elementor-col-100 elementor-top-column elementor-element elementor-element-3b2d487 sc_inner_width_none sc_content_align_inherit sc_layouts_column_icons_position_left\" data-id=\"3b2d487\" data-element_type=\"column\">\n\t\t\t<div class=\"elementor-widget-wrap elementor-element-populated\">\n\t\t\t\t\t\t<div class=\"elementor-element elementor-element-aa942a2 sc_fly_static elementor-widget elementor-widget-text-editor\" data-id=\"aa942a2\" data-element_type=\"widget\" data-widget_type=\"text-editor.default\">\n\t\t\t\t<div class=\"elementor-widget-container\">\n\t\t\t\t\t\t\t\t\t<p>Pred desiatimi rokmi zalo\u017eil \u013dudo Va\u0161\u0161 s priate\u013emi v Bo\u0161\u00e1ci remeseln\u00fa ovocn\u00fa \u0161k\u00f4lku vo v\u00fdmere 20 \u00e1rov, bez komer\u010dn\u00e9ho z\u00e1meru s jedinou v\u00edziou: zachova\u0165 genofond star\u00fdch a lok\u00e1lnych odr\u00f4d Bielych Karp\u00e1t. V roku 2017 sa roz\u0161\u00edrili aj do Moravsk\u00e9ho Lieskov\u00e9ho, kde premenili 5 hekt\u00e1rov konven\u010dne obr\u00e1banej p\u00f4dy na genofondov\u00fd ovocn\u00fd sad s v\u00fdznamn\u00fdm oh\u013eadom na podporu biodiverzity a regenerat\u00edvne obhospodarovanie p\u00f4dy. V s\u00fa\u010dasnosti u\u017e hospod\u00e1ria na 12 hekt\u00e1roch a v najbli\u017e\u0161om roku po\u010d\u00edtaj\u00fa s roz\u0161\u00edren\u00edm o \u010fal\u0161\u00edch 8.<\/p><p><img fetchpriority=\"high\" decoding=\"async\" class=\"alignnone size-large wp-image-3810\" src=\"https:\/\/krajinaziva.sk\/wp-content\/uploads\/2022\/11\/14-1024x683.jpg\" alt=\"\" width=\"1024\" height=\"683\" srcset=\"https:\/\/krajinaziva.sk\/wp-content\/uploads\/2022\/11\/14-1024x683.jpg 1024w, https:\/\/krajinaziva.sk\/wp-content\/uploads\/2022\/11\/14-300x200.jpg 300w, https:\/\/krajinaziva.sk\/wp-content\/uploads\/2022\/11\/14-768x512.jpg 768w, https:\/\/krajinaziva.sk\/wp-content\/uploads\/2022\/11\/14-1536x1024.jpg 1536w, https:\/\/krajinaziva.sk\/wp-content\/uploads\/2022\/11\/14-2048x1365.jpg 2048w, https:\/\/krajinaziva.sk\/wp-content\/uploads\/2022\/11\/14-370x247.jpg 370w, https:\/\/krajinaziva.sk\/wp-content\/uploads\/2022\/11\/14-770x513.jpg 770w, https:\/\/krajinaziva.sk\/wp-content\/uploads\/2022\/11\/14-1170x780.jpg 1170w, https:\/\/krajinaziva.sk\/wp-content\/uploads\/2022\/11\/14-scaled.jpg 1920w\" sizes=\"(max-width: 1024px) 100vw, 1024px\" \/><\/p><p>Pestuj\u00fa pestr\u00fa zmes star\u00fdch krajov\u00fdch ovocn\u00fdch odr\u00f4d a zachov\u00e1vaj\u00fa kult\u00farne dedi\u010dstvo a rozmanitos\u0165 chut\u00ed pre \u010fal\u0161ie gener\u00e1cie. Ako sami hovoria: \u201eDo pr\u00e1ce vklad\u00e1me svoje nieko\u013ekoro\u010dn\u00e9 odborn\u00e9 znalosti a sk\u00fasenosti so snahou \u010do najlep\u0161ieho v\u00fdsledku. Aby nami vysaden\u00e9 stromy r\u00e1stli a dlhodobo prosperovali, aby kvitn\u00face ovocn\u00e9 koruny op\u00e4\u0165 zap\u013a\u0148ali panor\u00e1mu, aby o\u0161etren\u00e9 star\u00e9 ovocn\u00e9 klenoty e\u0161te dlho okr\u00e1\u0161\u013eovali krajinu svojou pr\u00edtomnos\u0165ou a aby sa p\u00f4vodn\u00e1 pestros\u0165 chut\u00ed ovocn\u00fdch odr\u00f4d dostala na stoly jej obyvate\u013eov.\u201c<\/p><p><img decoding=\"async\" class=\"alignnone size-large wp-image-3811\" src=\"https:\/\/krajinaziva.sk\/wp-content\/uploads\/2022\/11\/15-1024x683.jpg\" alt=\"\" width=\"1024\" height=\"683\" srcset=\"https:\/\/krajinaziva.sk\/wp-content\/uploads\/2022\/11\/15-1024x683.jpg 1024w, https:\/\/krajinaziva.sk\/wp-content\/uploads\/2022\/11\/15-300x200.jpg 300w, https:\/\/krajinaziva.sk\/wp-content\/uploads\/2022\/11\/15-768x512.jpg 768w, https:\/\/krajinaziva.sk\/wp-content\/uploads\/2022\/11\/15-1536x1024.jpg 1536w, https:\/\/krajinaziva.sk\/wp-content\/uploads\/2022\/11\/15-2048x1365.jpg 2048w, https:\/\/krajinaziva.sk\/wp-content\/uploads\/2022\/11\/15-370x247.jpg 370w, https:\/\/krajinaziva.sk\/wp-content\/uploads\/2022\/11\/15-770x513.jpg 770w, https:\/\/krajinaziva.sk\/wp-content\/uploads\/2022\/11\/15-1170x780.jpg 1170w, https:\/\/krajinaziva.sk\/wp-content\/uploads\/2022\/11\/15-scaled.jpg 1920w\" sizes=\"(max-width: 1024px) 100vw, 1024px\" \/><\/p><p>My a bielokarpatsk\u00e1 krajina m\u00f4\u017eeme na to poveda\u0165 len jedno &#8211; \u010fakujeme!<\/p><p><img decoding=\"async\" class=\"alignnone size-large wp-image-3812\" src=\"https:\/\/krajinaziva.sk\/wp-content\/uploads\/2022\/11\/16-1024x683.jpg\" alt=\"\" width=\"1024\" height=\"683\" srcset=\"https:\/\/krajinaziva.sk\/wp-content\/uploads\/2022\/11\/16-1024x683.jpg 1024w, https:\/\/krajinaziva.sk\/wp-content\/uploads\/2022\/11\/16-300x200.jpg 300w, https:\/\/krajinaziva.sk\/wp-content\/uploads\/2022\/11\/16-768x512.jpg 768w, https:\/\/krajinaziva.sk\/wp-content\/uploads\/2022\/11\/16-1536x1024.jpg 1536w, https:\/\/krajinaziva.sk\/wp-content\/uploads\/2022\/11\/16-2048x1365.jpg 2048w, https:\/\/krajinaziva.sk\/wp-content\/uploads\/2022\/11\/16-370x247.jpg 370w, https:\/\/krajinaziva.sk\/wp-content\/uploads\/2022\/11\/16-770x513.jpg 770w, https:\/\/krajinaziva.sk\/wp-content\/uploads\/2022\/11\/16-1170x780.jpg 1170w, https:\/\/krajinaziva.sk\/wp-content\/uploads\/2022\/11\/16-scaled.jpg 1920w\" sizes=\"(max-width: 1024px) 100vw, 1024px\" \/><\/p>\t\t\t\t\t\t\t\t<\/div>\n\t\t\t\t<\/div>\n\t\t\t\t\t<\/div>\n\t\t<\/div>\n\t\t\t\t\t<\/div>\n\t\t<\/section>\n\t\t\t\t<\/div>","protected":false},"excerpt":{"rendered":"<p>Pred desiatimi rokmi zalo\u017eil \u013dudo Va\u0161\u0161 s priate\u013emi v Bo\u0161\u00e1ci remeseln\u00fa ovocn\u00fa \u0161k\u00f4lku vo v\u00fdmere 20 \u00e1rov, bez komer\u010dn\u00e9ho z\u00e1meru s jedinou v\u00edziou: zachova\u0165 genofond star\u00fdch a lok\u00e1lnych odr\u00f4d Bielych Karp\u00e1t. V roku&hellip;<\/p>","protected":false},"author":3,"featured_media":3812,"comment_status":"closed","ping_status":"closed","sticky":false,"template":"","format":"standard","meta":{"give_campaign_id":0,"_monsterinsights_skip_tracking":false,"_monsterinsights_sitenote_active":false,"_monsterinsights_sitenote_note":"","_monsterinsights_sitenote_category":0,"footnotes":""},"categories":[83],"tags":[],"citadela-post-location":[],"class_list":["post-3865","post","type-post","status-publish","format-standard","has-post-thumbnail","hentry","category-novinky"],"yoast_head":"<!-- This site is optimized with the Yoast SEO plugin v26.4 - https:\/\/yoast.com\/wordpress\/plugins\/seo\/ -->\n<title>Ovocn\u00e1 a okrasn\u00e1 \u0161k\u00f4lka Biele Karpaty uchov\u00e1va genofond krajov\u00fdch odr\u00f4d - Krajina \u017eiv\u00e1<\/title>\n<meta name=\"robots\" content=\"index, follow, max-snippet:-1, max-image-preview:large, max-video-preview:-1\" \/>\n<link rel=\"canonical\" href=\"https:\/\/krajinaziva.sk\/en\/ovocna-a-okrasna-skolka-biele-karpaty-uchovava-genofond-krajovych-odrod\/\" \/>\n<meta property=\"og:locale\" content=\"en_GB\" \/>\n<meta property=\"og:type\" content=\"article\" \/>\n<meta property=\"og:title\" content=\"Ovocn\u00e1 a okrasn\u00e1 \u0161k\u00f4lka Biele Karpaty uchov\u00e1va genofond krajov\u00fdch odr\u00f4d - Krajina \u017eiv\u00e1\" \/>\n<meta property=\"og:description\" content=\"Pred desiatimi rokmi zalo\u017eil \u013dudo Va\u0161\u0161 s priate\u013emi v Bo\u0161\u00e1ci remeseln\u00fa ovocn\u00fa \u0161k\u00f4lku vo v\u00fdmere 20 \u00e1rov, bez komer\u010dn\u00e9ho z\u00e1meru s jedinou v\u00edziou: zachova\u0165 genofond star\u00fdch a lok\u00e1lnych odr\u00f4d Bielych Karp\u00e1t. V roku&hellip;\" \/>\n<meta property=\"og:url\" content=\"https:\/\/krajinaziva.sk\/en\/ovocna-a-okrasna-skolka-biele-karpaty-uchovava-genofond-krajovych-odrod\/\" \/>\n<meta property=\"og:site_name\" content=\"Krajina \u017eiv\u00e1\" \/>\n<meta property=\"article:published_time\" content=\"2022-07-04T15:40:25+00:00\" \/>\n<meta property=\"article:modified_time\" content=\"2022-11-24T11:26:01+00:00\" \/>\n<meta property=\"og:image\" content=\"https:\/\/krajinaziva.sk\/wp-content\/uploads\/2022\/11\/16-scaled.jpg\" \/>\n\t<meta property=\"og:image:width\" content=\"2560\" \/>\n\t<meta property=\"og:image:height\" content=\"1707\" \/>\n\t<meta property=\"og:image:type\" content=\"image\/jpeg\" \/>\n<meta name=\"author\" content=\"Karolina Gelaticova\" \/>\n<meta name=\"twitter:card\" content=\"summary_large_image\" \/>\n<meta name=\"twitter:label1\" content=\"Written by\" \/>\n\t<meta name=\"twitter:data1\" content=\"Karolina Gelaticova\" \/>\n\t<meta name=\"twitter:label2\" content=\"Estimated reading time\" \/>\n\t<meta name=\"twitter:data2\" content=\"2 minutes\" \/>\n<script type=\"application\/ld+json\" class=\"yoast-schema-graph\">{\"@context\":\"https:\/\/schema.org\",\"@graph\":[{\"@type\":\"Article\",\"@id\":\"https:\/\/krajinaziva.sk\/ovocna-a-okrasna-skolka-biele-karpaty-uchovava-genofond-krajovych-odrod\/#article\",\"isPartOf\":{\"@id\":\"https:\/\/krajinaziva.sk\/ovocna-a-okrasna-skolka-biele-karpaty-uchovava-genofond-krajovych-odrod\/\"},\"author\":{\"name\":\"Karolina Gelaticova\",\"@id\":\"https:\/\/krajinaziva.sk\/#\/schema\/person\/00c3a09dde5e5ed5fd572f7e624b395d\"},\"headline\":\"Ovocn\u00e1 a okrasn\u00e1 \u0161k\u00f4lka Biele Karpaty uchov\u00e1va genofond krajov\u00fdch odr\u00f4d\",\"datePublished\":\"2022-07-04T15:40:25+00:00\",\"dateModified\":\"2022-11-24T11:26:01+00:00\",\"mainEntityOfPage\":{\"@id\":\"https:\/\/krajinaziva.sk\/ovocna-a-okrasna-skolka-biele-karpaty-uchovava-genofond-krajovych-odrod\/\"},\"wordCount\":235,\"publisher\":{\"@id\":\"https:\/\/krajinaziva.sk\/#organization\"},\"image\":{\"@id\":\"https:\/\/krajinaziva.sk\/ovocna-a-okrasna-skolka-biele-karpaty-uchovava-genofond-krajovych-odrod\/#primaryimage\"},\"thumbnailUrl\":\"https:\/\/krajinaziva.sk\/wp-content\/uploads\/2022\/11\/16-scaled.jpg\",\"articleSection\":[\"Novinky\"],\"inLanguage\":\"en-GB\"},{\"@type\":\"WebPage\",\"@id\":\"https:\/\/krajinaziva.sk\/ovocna-a-okrasna-skolka-biele-karpaty-uchovava-genofond-krajovych-odrod\/\",\"url\":\"https:\/\/krajinaziva.sk\/ovocna-a-okrasna-skolka-biele-karpaty-uchovava-genofond-krajovych-odrod\/\",\"name\":\"Ovocn\u00e1 a okrasn\u00e1 \u0161k\u00f4lka Biele Karpaty uchov\u00e1va genofond krajov\u00fdch odr\u00f4d - Krajina \u017eiv\u00e1\",\"isPartOf\":{\"@id\":\"https:\/\/krajinaziva.sk\/#website\"},\"primaryImageOfPage\":{\"@id\":\"https:\/\/krajinaziva.sk\/ovocna-a-okrasna-skolka-biele-karpaty-uchovava-genofond-krajovych-odrod\/#primaryimage\"},\"image\":{\"@id\":\"https:\/\/krajinaziva.sk\/ovocna-a-okrasna-skolka-biele-karpaty-uchovava-genofond-krajovych-odrod\/#primaryimage\"},\"thumbnailUrl\":\"https:\/\/krajinaziva.sk\/wp-content\/uploads\/2022\/11\/16-scaled.jpg\",\"datePublished\":\"2022-07-04T15:40:25+00:00\",\"dateModified\":\"2022-11-24T11:26:01+00:00\",\"breadcrumb\":{\"@id\":\"https:\/\/krajinaziva.sk\/ovocna-a-okrasna-skolka-biele-karpaty-uchovava-genofond-krajovych-odrod\/#breadcrumb\"},\"inLanguage\":\"en-GB\",\"potentialAction\":[{\"@type\":\"ReadAction\",\"target\":[\"https:\/\/krajinaziva.sk\/ovocna-a-okrasna-skolka-biele-karpaty-uchovava-genofond-krajovych-odrod\/\"]}]},{\"@type\":\"ImageObject\",\"inLanguage\":\"en-GB\",\"@id\":\"https:\/\/krajinaziva.sk\/ovocna-a-okrasna-skolka-biele-karpaty-uchovava-genofond-krajovych-odrod\/#primaryimage\",\"url\":\"https:\/\/krajinaziva.sk\/wp-content\/uploads\/2022\/11\/16-scaled.jpg\",\"contentUrl\":\"https:\/\/krajinaziva.sk\/wp-content\/uploads\/2022\/11\/16-scaled.jpg\",\"width\":1920,\"height\":1280},{\"@type\":\"BreadcrumbList\",\"@id\":\"https:\/\/krajinaziva.sk\/ovocna-a-okrasna-skolka-biele-karpaty-uchovava-genofond-krajovych-odrod\/#breadcrumb\",\"itemListElement\":[{\"@type\":\"ListItem\",\"position\":1,\"name\":\"Home\",\"item\":\"https:\/\/krajinaziva.sk\/\"},{\"@type\":\"ListItem\",\"position\":2,\"name\":\"Ovocn\u00e1 a okrasn\u00e1 \u0161k\u00f4lka Biele Karpaty uchov\u00e1va genofond krajov\u00fdch odr\u00f4d\"}]},{\"@type\":\"WebSite\",\"@id\":\"https:\/\/krajinaziva.sk\/#website\",\"url\":\"https:\/\/krajinaziva.sk\/\",\"name\":\"Krajina \u017eiv\u00e1\",\"description\":\"\u017div\u00e1 krajina prin\u00e1\u0161a hojnos\u0165 pre v\u0161etk\u00fdch\",\"publisher\":{\"@id\":\"https:\/\/krajinaziva.sk\/#organization\"},\"potentialAction\":[{\"@type\":\"SearchAction\",\"target\":{\"@type\":\"EntryPoint\",\"urlTemplate\":\"https:\/\/krajinaziva.sk\/?s={search_term_string}\"},\"query-input\":{\"@type\":\"PropertyValueSpecification\",\"valueRequired\":true,\"valueName\":\"search_term_string\"}}],\"inLanguage\":\"en-GB\"},{\"@type\":\"Organization\",\"@id\":\"https:\/\/krajinaziva.sk\/#organization\",\"name\":\"Krajina \u017eiv\u00e1\",\"url\":\"https:\/\/krajinaziva.sk\/\",\"logo\":{\"@type\":\"ImageObject\",\"inLanguage\":\"en-GB\",\"@id\":\"https:\/\/krajinaziva.sk\/#\/schema\/logo\/image\/\",\"url\":\"https:\/\/krajinaziva.sk\/wp-content\/uploads\/2026\/02\/2206_14_BROZ_Ktajina-ziva_1-43-2-1.png\",\"contentUrl\":\"https:\/\/krajinaziva.sk\/wp-content\/uploads\/2026\/02\/2206_14_BROZ_Ktajina-ziva_1-43-2-1.png\",\"width\":1080,\"height\":1080,\"caption\":\"Krajina \u017eiv\u00e1\"},\"image\":{\"@id\":\"https:\/\/krajinaziva.sk\/#\/schema\/logo\/image\/\"}},{\"@type\":\"Person\",\"@id\":\"https:\/\/krajinaziva.sk\/#\/schema\/person\/00c3a09dde5e5ed5fd572f7e624b395d\",\"name\":\"Karolina Gelaticova\",\"image\":{\"@type\":\"ImageObject\",\"inLanguage\":\"en-GB\",\"@id\":\"https:\/\/krajinaziva.sk\/#\/schema\/person\/image\/\",\"url\":\"https:\/\/secure.gravatar.com\/avatar\/8f5a33a1d334e7c538bde8882d8f94013cdad5d9691571ac8e7ac1a97352032d?s=96&d=mm&r=g\",\"contentUrl\":\"https:\/\/secure.gravatar.com\/avatar\/8f5a33a1d334e7c538bde8882d8f94013cdad5d9691571ac8e7ac1a97352032d?s=96&d=mm&r=g\",\"caption\":\"Karolina Gelaticova\"},\"url\":\"https:\/\/krajinaziva.sk\/en\/author\/karolina\/\"}]}<\/script>\n<!-- \/ Yoast SEO plugin. -->","yoast_head_json":{"title":"Ovocn\u00e1 a okrasn\u00e1 \u0161k\u00f4lka Biele Karpaty uchov\u00e1va genofond krajov\u00fdch odr\u00f4d - Krajina \u017eiv\u00e1","robots":{"index":"index","follow":"follow","max-snippet":"max-snippet:-1","max-image-preview":"max-image-preview:large","max-video-preview":"max-video-preview:-1"},"canonical":"https:\/\/krajinaziva.sk\/en\/ovocna-a-okrasna-skolka-biele-karpaty-uchovava-genofond-krajovych-odrod\/","og_locale":"en_GB","og_type":"article","og_title":"Ovocn\u00e1 a okrasn\u00e1 \u0161k\u00f4lka Biele Karpaty uchov\u00e1va genofond krajov\u00fdch odr\u00f4d - Krajina \u017eiv\u00e1","og_description":"Pred desiatimi rokmi zalo\u017eil \u013dudo Va\u0161\u0161 s priate\u013emi v Bo\u0161\u00e1ci remeseln\u00fa ovocn\u00fa \u0161k\u00f4lku vo v\u00fdmere 20 \u00e1rov, bez komer\u010dn\u00e9ho z\u00e1meru s jedinou v\u00edziou: zachova\u0165 genofond star\u00fdch a lok\u00e1lnych odr\u00f4d Bielych Karp\u00e1t. V roku&hellip;","og_url":"https:\/\/krajinaziva.sk\/en\/ovocna-a-okrasna-skolka-biele-karpaty-uchovava-genofond-krajovych-odrod\/","og_site_name":"Krajina \u017eiv\u00e1","article_published_time":"2022-07-04T15:40:25+00:00","article_modified_time":"2022-11-24T11:26:01+00:00","og_image":[{"width":2560,"height":1707,"url":"https:\/\/krajinaziva.sk\/wp-content\/uploads\/2022\/11\/16-scaled.jpg","type":"image\/jpeg"}],"author":"Karolina Gelaticova","twitter_card":"summary_large_image","twitter_misc":{"Written by":"Karolina Gelaticova","Estimated reading time":"2 minutes"},"schema":{"@context":"https:\/\/schema.org","@graph":[{"@type":"Article","@id":"https:\/\/krajinaziva.sk\/ovocna-a-okrasna-skolka-biele-karpaty-uchovava-genofond-krajovych-odrod\/#article","isPartOf":{"@id":"https:\/\/krajinaziva.sk\/ovocna-a-okrasna-skolka-biele-karpaty-uchovava-genofond-krajovych-odrod\/"},"author":{"name":"Karolina Gelaticova","@id":"https:\/\/krajinaziva.sk\/#\/schema\/person\/00c3a09dde5e5ed5fd572f7e624b395d"},"headline":"Ovocn\u00e1 a okrasn\u00e1 \u0161k\u00f4lka Biele Karpaty uchov\u00e1va genofond krajov\u00fdch odr\u00f4d","datePublished":"2022-07-04T15:40:25+00:00","dateModified":"2022-11-24T11:26:01+00:00","mainEntityOfPage":{"@id":"https:\/\/krajinaziva.sk\/ovocna-a-okrasna-skolka-biele-karpaty-uchovava-genofond-krajovych-odrod\/"},"wordCount":235,"publisher":{"@id":"https:\/\/krajinaziva.sk\/#organization"},"image":{"@id":"https:\/\/krajinaziva.sk\/ovocna-a-okrasna-skolka-biele-karpaty-uchovava-genofond-krajovych-odrod\/#primaryimage"},"thumbnailUrl":"https:\/\/krajinaziva.sk\/wp-content\/uploads\/2022\/11\/16-scaled.jpg","articleSection":["Novinky"],"inLanguage":"en-GB"},{"@type":"WebPage","@id":"https:\/\/krajinaziva.sk\/ovocna-a-okrasna-skolka-biele-karpaty-uchovava-genofond-krajovych-odrod\/","url":"https:\/\/krajinaziva.sk\/ovocna-a-okrasna-skolka-biele-karpaty-uchovava-genofond-krajovych-odrod\/","name":"Ovocn\u00e1 a okrasn\u00e1 \u0161k\u00f4lka Biele Karpaty uchov\u00e1va genofond krajov\u00fdch odr\u00f4d - Krajina \u017eiv\u00e1","isPartOf":{"@id":"https:\/\/krajinaziva.sk\/#website"},"primaryImageOfPage":{"@id":"https:\/\/krajinaziva.sk\/ovocna-a-okrasna-skolka-biele-karpaty-uchovava-genofond-krajovych-odrod\/#primaryimage"},"image":{"@id":"https:\/\/krajinaziva.sk\/ovocna-a-okrasna-skolka-biele-karpaty-uchovava-genofond-krajovych-odrod\/#primaryimage"},"thumbnailUrl":"https:\/\/krajinaziva.sk\/wp-content\/uploads\/2022\/11\/16-scaled.jpg","datePublished":"2022-07-04T15:40:25+00:00","dateModified":"2022-11-24T11:26:01+00:00","breadcrumb":{"@id":"https:\/\/krajinaziva.sk\/ovocna-a-okrasna-skolka-biele-karpaty-uchovava-genofond-krajovych-odrod\/#breadcrumb"},"inLanguage":"en-GB","potentialAction":[{"@type":"ReadAction","target":["https:\/\/krajinaziva.sk\/ovocna-a-okrasna-skolka-biele-karpaty-uchovava-genofond-krajovych-odrod\/"]}]},{"@type":"ImageObject","inLanguage":"en-GB","@id":"https:\/\/krajinaziva.sk\/ovocna-a-okrasna-skolka-biele-karpaty-uchovava-genofond-krajovych-odrod\/#primaryimage","url":"https:\/\/krajinaziva.sk\/wp-content\/uploads\/2022\/11\/16-scaled.jpg","contentUrl":"https:\/\/krajinaziva.sk\/wp-content\/uploads\/2022\/11\/16-scaled.jpg","width":1920,"height":1280},{"@type":"BreadcrumbList","@id":"https:\/\/krajinaziva.sk\/ovocna-a-okrasna-skolka-biele-karpaty-uchovava-genofond-krajovych-odrod\/#breadcrumb","itemListElement":[{"@type":"ListItem","position":1,"name":"Home","item":"https:\/\/krajinaziva.sk\/"},{"@type":"ListItem","position":2,"name":"Ovocn\u00e1 a okrasn\u00e1 \u0161k\u00f4lka Biele Karpaty uchov\u00e1va genofond krajov\u00fdch odr\u00f4d"}]},{"@type":"WebSite","@id":"https:\/\/krajinaziva.sk\/#website","url":"https:\/\/krajinaziva.sk\/","name":"Living landscape","description":"A living landscape brings wealth for all","publisher":{"@id":"https:\/\/krajinaziva.sk\/#organization"},"potentialAction":[{"@type":"SearchAction","target":{"@type":"EntryPoint","urlTemplate":"https:\/\/krajinaziva.sk\/?s={search_term_string}"},"query-input":{"@type":"PropertyValueSpecification","valueRequired":true,"valueName":"search_term_string"}}],"inLanguage":"en-GB"},{"@type":"Organization","@id":"https:\/\/krajinaziva.sk\/#organization","name":"Living landscape","url":"https:\/\/krajinaziva.sk\/","logo":{"@type":"ImageObject","inLanguage":"en-GB","@id":"https:\/\/krajinaziva.sk\/#\/schema\/logo\/image\/","url":"https:\/\/krajinaziva.sk\/wp-content\/uploads\/2026\/02\/2206_14_BROZ_Ktajina-ziva_1-43-2-1.png","contentUrl":"https:\/\/krajinaziva.sk\/wp-content\/uploads\/2026\/02\/2206_14_BROZ_Ktajina-ziva_1-43-2-1.png","width":1080,"height":1080,"caption":"Krajina \u017eiv\u00e1"},"image":{"@id":"https:\/\/krajinaziva.sk\/#\/schema\/logo\/image\/"}},{"@type":"Person","@id":"https:\/\/krajinaziva.sk\/#\/schema\/person\/00c3a09dde5e5ed5fd572f7e624b395d","name":"Karolina Gelaticova","image":{"@type":"ImageObject","inLanguage":"en-GB","@id":"https:\/\/krajinaziva.sk\/#\/schema\/person\/image\/","url":"https:\/\/secure.gravatar.com\/avatar\/8f5a33a1d334e7c538bde8882d8f94013cdad5d9691571ac8e7ac1a97352032d?s=96&d=mm&r=g","contentUrl":"https:\/\/secure.gravatar.com\/avatar\/8f5a33a1d334e7c538bde8882d8f94013cdad5d9691571ac8e7ac1a97352032d?s=96&d=mm&r=g","caption":"Karolina Gelaticova"},"url":"https:\/\/krajinaziva.sk\/en\/author\/karolina\/"}]}},"_links":{"self":[{"href":"https:\/\/krajinaziva.sk\/en\/wp-json\/wp\/v2\/posts\/3865","targetHints":{"allow":["GET"]}}],"collection":[{"href":"https:\/\/krajinaziva.sk\/en\/wp-json\/wp\/v2\/posts"}],"about":[{"href":"https:\/\/krajinaziva.sk\/en\/wp-json\/wp\/v2\/types\/post"}],"author":[{"embeddable":true,"href":"https:\/\/krajinaziva.sk\/en\/wp-json\/wp\/v2\/users\/3"}],"replies":[{"embeddable":true,"href":"https:\/\/krajinaziva.sk\/en\/wp-json\/wp\/v2\/comments?post=3865"}],"version-history":[{"count":6,"href":"https:\/\/krajinaziva.sk\/en\/wp-json\/wp\/v2\/posts\/3865\/revisions"}],"predecessor-version":[{"id":3871,"href":"https:\/\/krajinaziva.sk\/en\/wp-json\/wp\/v2\/posts\/3865\/revisions\/3871"}],"wp:featuredmedia":[{"embeddable":true,"href":"https:\/\/krajinaziva.sk\/en\/wp-json\/wp\/v2\/media\/3812"}],"wp:attachment":[{"href":"https:\/\/krajinaziva.sk\/en\/wp-json\/wp\/v2\/media?parent=3865"}],"wp:term":[{"taxonomy":"category","embeddable":true,"href":"https:\/\/krajinaziva.sk\/en\/wp-json\/wp\/v2\/categories?post=3865"},{"taxonomy":"post_tag","embeddable":true,"href":"https:\/\/krajinaziva.sk\/en\/wp-json\/wp\/v2\/tags?post=3865"},{"taxonomy":"citadela-post-location","embeddable":true,"href":"https:\/\/krajinaziva.sk\/en\/wp-json\/wp\/v2\/citadela-post-location?post=3865"}],"curies":[{"name":"wp","href":"https:\/\/api.w.org\/{rel}","templated":true}]}}