{"id":3848,"date":"2022-06-24T17:27:32","date_gmt":"2022-06-24T15:27:32","guid":{"rendered":"https:\/\/krajinaziva.sk\/?p=3848"},"modified":"2022-11-22T17:30:13","modified_gmt":"2022-11-22T16:30:13","slug":"rodinna-eko-farma-no-5-alebo-ako-na-to-vedecky","status":"publish","type":"post","link":"https:\/\/krajinaziva.sk\/en\/rodinna-eko-farma-no-5-alebo-ako-na-to-vedecky\/","title":{"rendered":"Rodinn\u00e1 Eko Farma No.5 alebo ako na to vedecky?"},"content":{"rendered":"<div data-elementor-type=\"wp-post\" data-elementor-id=\"3848\" class=\"elementor elementor-3848\">\n\t\t\t\t\t\t<section class=\"elementor-section elementor-top-section elementor-element elementor-element-9116810 elementor-section-full_width elementor-section-height-default elementor-section-height-default\" data-id=\"9116810\" data-element_type=\"section\">\n\t\t\t\t\t\t<div class=\"elementor-container elementor-column-gap-default\">\n\t\t\t\t\t<div class=\"elementor-column elementor-col-100 elementor-top-column elementor-element elementor-element-3b2d487 sc_inner_width_none sc_content_align_inherit sc_layouts_column_icons_position_left\" data-id=\"3b2d487\" data-element_type=\"column\">\n\t\t\t<div class=\"elementor-widget-wrap elementor-element-populated\">\n\t\t\t\t\t\t<div class=\"elementor-element elementor-element-aa942a2 sc_fly_static elementor-widget elementor-widget-text-editor\" data-id=\"aa942a2\" data-element_type=\"widget\" data-widget_type=\"text-editor.default\">\n\t\t\t\t<div class=\"elementor-widget-container\">\n\t\t\t\t\t\t\t\t\t<p>Rodinn\u00e1 farma sa nach\u00e1dza priamo v Galante a vznikla v roku pred \u0161tyrmi rokmi na \u00fazem\u00ed b\u00fdval\u00e9ho vinohradu, ktor\u00fd sa posledn\u00fdch 30 rokov predt\u00fdm nevyu\u017e\u00edval. Po \u010diasto\u010dnom odstr\u00e1nen\u00ed n\u00e1letov\u00fdch drev\u00edn za\u010dali Vinceovci na b\u00fdvalom vinohrade pestova\u0165 viacer\u00e9 druhy zeleniny, vyu\u017e\u00edvaj\u00fac znalosti organick\u00e9ho po\u013enohospod\u00e1rstva.<\/p><p><img fetchpriority=\"high\" decoding=\"async\" class=\"alignnone size-large wp-image-3799\" src=\"https:\/\/krajinaziva.sk\/wp-content\/uploads\/2022\/11\/4-1024x683.jpg\" alt=\"\" width=\"1024\" height=\"683\" srcset=\"https:\/\/krajinaziva.sk\/wp-content\/uploads\/2022\/11\/4-1024x683.jpg 1024w, https:\/\/krajinaziva.sk\/wp-content\/uploads\/2022\/11\/4-300x200.jpg 300w, https:\/\/krajinaziva.sk\/wp-content\/uploads\/2022\/11\/4-768x512.jpg 768w, https:\/\/krajinaziva.sk\/wp-content\/uploads\/2022\/11\/4-1536x1024.jpg 1536w, https:\/\/krajinaziva.sk\/wp-content\/uploads\/2022\/11\/4-2048x1365.jpg 2048w, https:\/\/krajinaziva.sk\/wp-content\/uploads\/2022\/11\/4-370x247.jpg 370w, https:\/\/krajinaziva.sk\/wp-content\/uploads\/2022\/11\/4-770x513.jpg 770w, https:\/\/krajinaziva.sk\/wp-content\/uploads\/2022\/11\/4-1170x780.jpg 1170w, https:\/\/krajinaziva.sk\/wp-content\/uploads\/2022\/11\/4-scaled.jpg 1920w\" sizes=\"(max-width: 1024px) 100vw, 1024px\" \/><\/p><p>Na princ\u00edpoch agrolesn\u00edctva tu buduj\u00fa zmie\u0161an\u00fd ovocn\u00fd sad. Okrem toho poskytuj\u00fa priestor lok\u00e1lnemu v\u010del\u00e1rovi a prev\u00e1dzkuj\u00fa komunitn\u00fa z\u00e1hradu pre obyvate\u013eov mesta.<\/p><p><img decoding=\"async\" class=\"alignnone size-large wp-image-3801\" src=\"https:\/\/krajinaziva.sk\/wp-content\/uploads\/2022\/11\/5-1024x683.jpg\" alt=\"\" width=\"1024\" height=\"683\" srcset=\"https:\/\/krajinaziva.sk\/wp-content\/uploads\/2022\/11\/5-1024x683.jpg 1024w, https:\/\/krajinaziva.sk\/wp-content\/uploads\/2022\/11\/5-300x200.jpg 300w, https:\/\/krajinaziva.sk\/wp-content\/uploads\/2022\/11\/5-768x512.jpg 768w, https:\/\/krajinaziva.sk\/wp-content\/uploads\/2022\/11\/5-1536x1024.jpg 1536w, https:\/\/krajinaziva.sk\/wp-content\/uploads\/2022\/11\/5-2048x1365.jpg 2048w, https:\/\/krajinaziva.sk\/wp-content\/uploads\/2022\/11\/5-370x247.jpg 370w, https:\/\/krajinaziva.sk\/wp-content\/uploads\/2022\/11\/5-770x513.jpg 770w, https:\/\/krajinaziva.sk\/wp-content\/uploads\/2022\/11\/5-1170x780.jpg 1170w, https:\/\/krajinaziva.sk\/wp-content\/uploads\/2022\/11\/5-scaled.jpg 1920w\" sizes=\"(max-width: 1024px) 100vw, 1024px\" \/><\/p><p>V\u00fdnimo\u010dnos\u0165ou farmy je, \u017ee si dok\u00e1\u017eu organick\u00e9 hnojiv\u00e1 a pr\u00edpravky vyrobi\u0165 svojpomocne a pokrok v regener\u00e1cii p\u00f4dy meraj\u00fa pomocou chromatografie p\u00f4dy na horizont\u00e1lny papier. Jedn\u00e1 sa o kvalitat\u00edvnu anal\u00fdzu pr\u00edtomnosti mikrobioty a kvality vz\u0165ahov v p\u00f4de. \u0164a\u017eko vedeck\u00fd pr\u00edstup, a\u017e sme z\u00edrali Ale ve\u013emi oce\u0148ujeme!<\/p><p><img decoding=\"async\" class=\"alignnone size-large wp-image-3802\" src=\"https:\/\/krajinaziva.sk\/wp-content\/uploads\/2022\/11\/6-1024x683.jpg\" alt=\"\" width=\"1024\" height=\"683\" srcset=\"https:\/\/krajinaziva.sk\/wp-content\/uploads\/2022\/11\/6-1024x683.jpg 1024w, https:\/\/krajinaziva.sk\/wp-content\/uploads\/2022\/11\/6-300x200.jpg 300w, https:\/\/krajinaziva.sk\/wp-content\/uploads\/2022\/11\/6-768x512.jpg 768w, https:\/\/krajinaziva.sk\/wp-content\/uploads\/2022\/11\/6-1536x1024.jpg 1536w, https:\/\/krajinaziva.sk\/wp-content\/uploads\/2022\/11\/6-2048x1365.jpg 2048w, https:\/\/krajinaziva.sk\/wp-content\/uploads\/2022\/11\/6-370x247.jpg 370w, https:\/\/krajinaziva.sk\/wp-content\/uploads\/2022\/11\/6-770x513.jpg 770w, https:\/\/krajinaziva.sk\/wp-content\/uploads\/2022\/11\/6-1170x780.jpg 1170w, https:\/\/krajinaziva.sk\/wp-content\/uploads\/2022\/11\/6-scaled.jpg 1920w\" sizes=\"(max-width: 1024px) 100vw, 1024px\" \/><\/p>\t\t\t\t\t\t\t\t<\/div>\n\t\t\t\t<\/div>\n\t\t\t\t\t<\/div>\n\t\t<\/div>\n\t\t\t\t\t<\/div>\n\t\t<\/section>\n\t\t\t\t<\/div>","protected":false},"excerpt":{"rendered":"<p>Rodinn\u00e1 farma sa nach\u00e1dza priamo v Galante a vznikla v roku pred \u0161tyrmi rokmi na \u00fazem\u00ed b\u00fdval\u00e9ho vinohradu, ktor\u00fd sa posledn\u00fdch 30 rokov predt\u00fdm nevyu\u017e\u00edval. Po \u010diasto\u010dnom odstr\u00e1nen\u00ed n\u00e1letov\u00fdch drev\u00edn za\u010dali Vinceovci na&hellip;<\/p>","protected":false},"author":3,"featured_media":3801,"comment_status":"closed","ping_status":"closed","sticky":false,"template":"","format":"standard","meta":{"give_campaign_id":0,"_monsterinsights_skip_tracking":false,"_monsterinsights_sitenote_active":false,"_monsterinsights_sitenote_note":"","_monsterinsights_sitenote_category":0,"footnotes":""},"categories":[83],"tags":[],"citadela-post-location":[],"class_list":["post-3848","post","type-post","status-publish","format-standard","has-post-thumbnail","hentry","category-novinky"],"yoast_head":"<!-- This site is optimized with the Yoast SEO plugin v26.4 - https:\/\/yoast.com\/wordpress\/plugins\/seo\/ -->\n<title>Rodinn\u00e1 Eko Farma No.5 alebo ako na to vedecky? - Krajina \u017eiv\u00e1<\/title>\n<meta name=\"robots\" content=\"index, follow, max-snippet:-1, max-image-preview:large, max-video-preview:-1\" \/>\n<link rel=\"canonical\" href=\"https:\/\/krajinaziva.sk\/en\/rodinna-eko-farma-no-5-alebo-ako-na-to-vedecky\/\" \/>\n<meta property=\"og:locale\" content=\"en_GB\" \/>\n<meta property=\"og:type\" content=\"article\" \/>\n<meta property=\"og:title\" content=\"Rodinn\u00e1 Eko Farma No.5 alebo ako na to vedecky? - Krajina \u017eiv\u00e1\" \/>\n<meta property=\"og:description\" content=\"Rodinn\u00e1 farma sa nach\u00e1dza priamo v Galante a vznikla v roku pred \u0161tyrmi rokmi na \u00fazem\u00ed b\u00fdval\u00e9ho vinohradu, ktor\u00fd sa posledn\u00fdch 30 rokov predt\u00fdm nevyu\u017e\u00edval. Po \u010diasto\u010dnom odstr\u00e1nen\u00ed n\u00e1letov\u00fdch drev\u00edn za\u010dali Vinceovci na&hellip;\" \/>\n<meta property=\"og:url\" content=\"https:\/\/krajinaziva.sk\/en\/rodinna-eko-farma-no-5-alebo-ako-na-to-vedecky\/\" \/>\n<meta property=\"og:site_name\" content=\"Krajina \u017eiv\u00e1\" \/>\n<meta property=\"article:published_time\" content=\"2022-06-24T15:27:32+00:00\" \/>\n<meta property=\"article:modified_time\" content=\"2022-11-22T16:30:13+00:00\" \/>\n<meta property=\"og:image\" content=\"https:\/\/krajinaziva.sk\/wp-content\/uploads\/2022\/11\/5-scaled.jpg\" \/>\n\t<meta property=\"og:image:width\" content=\"2560\" \/>\n\t<meta property=\"og:image:height\" content=\"1707\" \/>\n\t<meta property=\"og:image:type\" content=\"image\/jpeg\" \/>\n<meta name=\"author\" content=\"Karolina Gelaticova\" \/>\n<meta name=\"twitter:card\" content=\"summary_large_image\" \/>\n<meta name=\"twitter:label1\" content=\"Written by\" \/>\n\t<meta name=\"twitter:data1\" content=\"Karolina Gelaticova\" \/>\n\t<meta name=\"twitter:label2\" content=\"Estimated reading time\" \/>\n\t<meta name=\"twitter:data2\" content=\"2 minutes\" \/>\n<script type=\"application\/ld+json\" class=\"yoast-schema-graph\">{\"@context\":\"https:\/\/schema.org\",\"@graph\":[{\"@type\":\"Article\",\"@id\":\"https:\/\/krajinaziva.sk\/rodinna-eko-farma-no-5-alebo-ako-na-to-vedecky\/#article\",\"isPartOf\":{\"@id\":\"https:\/\/krajinaziva.sk\/rodinna-eko-farma-no-5-alebo-ako-na-to-vedecky\/\"},\"author\":{\"name\":\"Karolina Gelaticova\",\"@id\":\"https:\/\/krajinaziva.sk\/#\/schema\/person\/00c3a09dde5e5ed5fd572f7e624b395d\"},\"headline\":\"Rodinn\u00e1 Eko Farma No.5 alebo ako na to vedecky?\",\"datePublished\":\"2022-06-24T15:27:32+00:00\",\"dateModified\":\"2022-11-22T16:30:13+00:00\",\"mainEntityOfPage\":{\"@id\":\"https:\/\/krajinaziva.sk\/rodinna-eko-farma-no-5-alebo-ako-na-to-vedecky\/\"},\"wordCount\":163,\"publisher\":{\"@id\":\"https:\/\/krajinaziva.sk\/#organization\"},\"image\":{\"@id\":\"https:\/\/krajinaziva.sk\/rodinna-eko-farma-no-5-alebo-ako-na-to-vedecky\/#primaryimage\"},\"thumbnailUrl\":\"https:\/\/krajinaziva.sk\/wp-content\/uploads\/2022\/11\/5-scaled.jpg\",\"articleSection\":[\"Novinky\"],\"inLanguage\":\"en-GB\"},{\"@type\":\"WebPage\",\"@id\":\"https:\/\/krajinaziva.sk\/rodinna-eko-farma-no-5-alebo-ako-na-to-vedecky\/\",\"url\":\"https:\/\/krajinaziva.sk\/rodinna-eko-farma-no-5-alebo-ako-na-to-vedecky\/\",\"name\":\"Rodinn\u00e1 Eko Farma No.5 alebo ako na to vedecky? - Krajina \u017eiv\u00e1\",\"isPartOf\":{\"@id\":\"https:\/\/krajinaziva.sk\/#website\"},\"primaryImageOfPage\":{\"@id\":\"https:\/\/krajinaziva.sk\/rodinna-eko-farma-no-5-alebo-ako-na-to-vedecky\/#primaryimage\"},\"image\":{\"@id\":\"https:\/\/krajinaziva.sk\/rodinna-eko-farma-no-5-alebo-ako-na-to-vedecky\/#primaryimage\"},\"thumbnailUrl\":\"https:\/\/krajinaziva.sk\/wp-content\/uploads\/2022\/11\/5-scaled.jpg\",\"datePublished\":\"2022-06-24T15:27:32+00:00\",\"dateModified\":\"2022-11-22T16:30:13+00:00\",\"breadcrumb\":{\"@id\":\"https:\/\/krajinaziva.sk\/rodinna-eko-farma-no-5-alebo-ako-na-to-vedecky\/#breadcrumb\"},\"inLanguage\":\"en-GB\",\"potentialAction\":[{\"@type\":\"ReadAction\",\"target\":[\"https:\/\/krajinaziva.sk\/rodinna-eko-farma-no-5-alebo-ako-na-to-vedecky\/\"]}]},{\"@type\":\"ImageObject\",\"inLanguage\":\"en-GB\",\"@id\":\"https:\/\/krajinaziva.sk\/rodinna-eko-farma-no-5-alebo-ako-na-to-vedecky\/#primaryimage\",\"url\":\"https:\/\/krajinaziva.sk\/wp-content\/uploads\/2022\/11\/5-scaled.jpg\",\"contentUrl\":\"https:\/\/krajinaziva.sk\/wp-content\/uploads\/2022\/11\/5-scaled.jpg\",\"width\":1920,\"height\":1280},{\"@type\":\"BreadcrumbList\",\"@id\":\"https:\/\/krajinaziva.sk\/rodinna-eko-farma-no-5-alebo-ako-na-to-vedecky\/#breadcrumb\",\"itemListElement\":[{\"@type\":\"ListItem\",\"position\":1,\"name\":\"Home\",\"item\":\"https:\/\/krajinaziva.sk\/\"},{\"@type\":\"ListItem\",\"position\":2,\"name\":\"Rodinn\u00e1 Eko Farma No.5 alebo ako na to vedecky?\"}]},{\"@type\":\"WebSite\",\"@id\":\"https:\/\/krajinaziva.sk\/#website\",\"url\":\"https:\/\/krajinaziva.sk\/\",\"name\":\"Krajina \u017eiv\u00e1\",\"description\":\"\u017div\u00e1 krajina prin\u00e1\u0161a hojnos\u0165 pre v\u0161etk\u00fdch\",\"publisher\":{\"@id\":\"https:\/\/krajinaziva.sk\/#organization\"},\"potentialAction\":[{\"@type\":\"SearchAction\",\"target\":{\"@type\":\"EntryPoint\",\"urlTemplate\":\"https:\/\/krajinaziva.sk\/?s={search_term_string}\"},\"query-input\":{\"@type\":\"PropertyValueSpecification\",\"valueRequired\":true,\"valueName\":\"search_term_string\"}}],\"inLanguage\":\"en-GB\"},{\"@type\":\"Organization\",\"@id\":\"https:\/\/krajinaziva.sk\/#organization\",\"name\":\"Krajina \u017eiv\u00e1\",\"url\":\"https:\/\/krajinaziva.sk\/\",\"logo\":{\"@type\":\"ImageObject\",\"inLanguage\":\"en-GB\",\"@id\":\"https:\/\/krajinaziva.sk\/#\/schema\/logo\/image\/\",\"url\":\"https:\/\/krajinaziva.sk\/wp-content\/uploads\/2026\/02\/2206_14_BROZ_Ktajina-ziva_1-43-2-1.png\",\"contentUrl\":\"https:\/\/krajinaziva.sk\/wp-content\/uploads\/2026\/02\/2206_14_BROZ_Ktajina-ziva_1-43-2-1.png\",\"width\":1080,\"height\":1080,\"caption\":\"Krajina \u017eiv\u00e1\"},\"image\":{\"@id\":\"https:\/\/krajinaziva.sk\/#\/schema\/logo\/image\/\"}},{\"@type\":\"Person\",\"@id\":\"https:\/\/krajinaziva.sk\/#\/schema\/person\/00c3a09dde5e5ed5fd572f7e624b395d\",\"name\":\"Karolina Gelaticova\",\"image\":{\"@type\":\"ImageObject\",\"inLanguage\":\"en-GB\",\"@id\":\"https:\/\/krajinaziva.sk\/#\/schema\/person\/image\/\",\"url\":\"https:\/\/secure.gravatar.com\/avatar\/8f5a33a1d334e7c538bde8882d8f94013cdad5d9691571ac8e7ac1a97352032d?s=96&d=mm&r=g\",\"contentUrl\":\"https:\/\/secure.gravatar.com\/avatar\/8f5a33a1d334e7c538bde8882d8f94013cdad5d9691571ac8e7ac1a97352032d?s=96&d=mm&r=g\",\"caption\":\"Karolina Gelaticova\"},\"url\":\"https:\/\/krajinaziva.sk\/en\/author\/karolina\/\"}]}<\/script>\n<!-- \/ Yoast SEO plugin. -->","yoast_head_json":{"title":"Rodinn\u00e1 Eko Farma No.5 alebo ako na to vedecky? - Krajina \u017eiv\u00e1","robots":{"index":"index","follow":"follow","max-snippet":"max-snippet:-1","max-image-preview":"max-image-preview:large","max-video-preview":"max-video-preview:-1"},"canonical":"https:\/\/krajinaziva.sk\/en\/rodinna-eko-farma-no-5-alebo-ako-na-to-vedecky\/","og_locale":"en_GB","og_type":"article","og_title":"Rodinn\u00e1 Eko Farma No.5 alebo ako na to vedecky? - Krajina \u017eiv\u00e1","og_description":"Rodinn\u00e1 farma sa nach\u00e1dza priamo v Galante a vznikla v roku pred \u0161tyrmi rokmi na \u00fazem\u00ed b\u00fdval\u00e9ho vinohradu, ktor\u00fd sa posledn\u00fdch 30 rokov predt\u00fdm nevyu\u017e\u00edval. Po \u010diasto\u010dnom odstr\u00e1nen\u00ed n\u00e1letov\u00fdch drev\u00edn za\u010dali Vinceovci na&hellip;","og_url":"https:\/\/krajinaziva.sk\/en\/rodinna-eko-farma-no-5-alebo-ako-na-to-vedecky\/","og_site_name":"Krajina \u017eiv\u00e1","article_published_time":"2022-06-24T15:27:32+00:00","article_modified_time":"2022-11-22T16:30:13+00:00","og_image":[{"width":2560,"height":1707,"url":"https:\/\/krajinaziva.sk\/wp-content\/uploads\/2022\/11\/5-scaled.jpg","type":"image\/jpeg"}],"author":"Karolina Gelaticova","twitter_card":"summary_large_image","twitter_misc":{"Written by":"Karolina Gelaticova","Estimated reading time":"2 minutes"},"schema":{"@context":"https:\/\/schema.org","@graph":[{"@type":"Article","@id":"https:\/\/krajinaziva.sk\/rodinna-eko-farma-no-5-alebo-ako-na-to-vedecky\/#article","isPartOf":{"@id":"https:\/\/krajinaziva.sk\/rodinna-eko-farma-no-5-alebo-ako-na-to-vedecky\/"},"author":{"name":"Karolina Gelaticova","@id":"https:\/\/krajinaziva.sk\/#\/schema\/person\/00c3a09dde5e5ed5fd572f7e624b395d"},"headline":"Rodinn\u00e1 Eko Farma No.5 alebo ako na to vedecky?","datePublished":"2022-06-24T15:27:32+00:00","dateModified":"2022-11-22T16:30:13+00:00","mainEntityOfPage":{"@id":"https:\/\/krajinaziva.sk\/rodinna-eko-farma-no-5-alebo-ako-na-to-vedecky\/"},"wordCount":163,"publisher":{"@id":"https:\/\/krajinaziva.sk\/#organization"},"image":{"@id":"https:\/\/krajinaziva.sk\/rodinna-eko-farma-no-5-alebo-ako-na-to-vedecky\/#primaryimage"},"thumbnailUrl":"https:\/\/krajinaziva.sk\/wp-content\/uploads\/2022\/11\/5-scaled.jpg","articleSection":["Novinky"],"inLanguage":"en-GB"},{"@type":"WebPage","@id":"https:\/\/krajinaziva.sk\/rodinna-eko-farma-no-5-alebo-ako-na-to-vedecky\/","url":"https:\/\/krajinaziva.sk\/rodinna-eko-farma-no-5-alebo-ako-na-to-vedecky\/","name":"Rodinn\u00e1 Eko Farma No.5 alebo ako na to vedecky? - Krajina \u017eiv\u00e1","isPartOf":{"@id":"https:\/\/krajinaziva.sk\/#website"},"primaryImageOfPage":{"@id":"https:\/\/krajinaziva.sk\/rodinna-eko-farma-no-5-alebo-ako-na-to-vedecky\/#primaryimage"},"image":{"@id":"https:\/\/krajinaziva.sk\/rodinna-eko-farma-no-5-alebo-ako-na-to-vedecky\/#primaryimage"},"thumbnailUrl":"https:\/\/krajinaziva.sk\/wp-content\/uploads\/2022\/11\/5-scaled.jpg","datePublished":"2022-06-24T15:27:32+00:00","dateModified":"2022-11-22T16:30:13+00:00","breadcrumb":{"@id":"https:\/\/krajinaziva.sk\/rodinna-eko-farma-no-5-alebo-ako-na-to-vedecky\/#breadcrumb"},"inLanguage":"en-GB","potentialAction":[{"@type":"ReadAction","target":["https:\/\/krajinaziva.sk\/rodinna-eko-farma-no-5-alebo-ako-na-to-vedecky\/"]}]},{"@type":"ImageObject","inLanguage":"en-GB","@id":"https:\/\/krajinaziva.sk\/rodinna-eko-farma-no-5-alebo-ako-na-to-vedecky\/#primaryimage","url":"https:\/\/krajinaziva.sk\/wp-content\/uploads\/2022\/11\/5-scaled.jpg","contentUrl":"https:\/\/krajinaziva.sk\/wp-content\/uploads\/2022\/11\/5-scaled.jpg","width":1920,"height":1280},{"@type":"BreadcrumbList","@id":"https:\/\/krajinaziva.sk\/rodinna-eko-farma-no-5-alebo-ako-na-to-vedecky\/#breadcrumb","itemListElement":[{"@type":"ListItem","position":1,"name":"Home","item":"https:\/\/krajinaziva.sk\/"},{"@type":"ListItem","position":2,"name":"Rodinn\u00e1 Eko Farma No.5 alebo ako na to vedecky?"}]},{"@type":"WebSite","@id":"https:\/\/krajinaziva.sk\/#website","url":"https:\/\/krajinaziva.sk\/","name":"Living landscape","description":"A living landscape brings wealth for all","publisher":{"@id":"https:\/\/krajinaziva.sk\/#organization"},"potentialAction":[{"@type":"SearchAction","target":{"@type":"EntryPoint","urlTemplate":"https:\/\/krajinaziva.sk\/?s={search_term_string}"},"query-input":{"@type":"PropertyValueSpecification","valueRequired":true,"valueName":"search_term_string"}}],"inLanguage":"en-GB"},{"@type":"Organization","@id":"https:\/\/krajinaziva.sk\/#organization","name":"Living landscape","url":"https:\/\/krajinaziva.sk\/","logo":{"@type":"ImageObject","inLanguage":"en-GB","@id":"https:\/\/krajinaziva.sk\/#\/schema\/logo\/image\/","url":"https:\/\/krajinaziva.sk\/wp-content\/uploads\/2026\/02\/2206_14_BROZ_Ktajina-ziva_1-43-2-1.png","contentUrl":"https:\/\/krajinaziva.sk\/wp-content\/uploads\/2026\/02\/2206_14_BROZ_Ktajina-ziva_1-43-2-1.png","width":1080,"height":1080,"caption":"Krajina \u017eiv\u00e1"},"image":{"@id":"https:\/\/krajinaziva.sk\/#\/schema\/logo\/image\/"}},{"@type":"Person","@id":"https:\/\/krajinaziva.sk\/#\/schema\/person\/00c3a09dde5e5ed5fd572f7e624b395d","name":"Karolina Gelaticova","image":{"@type":"ImageObject","inLanguage":"en-GB","@id":"https:\/\/krajinaziva.sk\/#\/schema\/person\/image\/","url":"https:\/\/secure.gravatar.com\/avatar\/8f5a33a1d334e7c538bde8882d8f94013cdad5d9691571ac8e7ac1a97352032d?s=96&d=mm&r=g","contentUrl":"https:\/\/secure.gravatar.com\/avatar\/8f5a33a1d334e7c538bde8882d8f94013cdad5d9691571ac8e7ac1a97352032d?s=96&d=mm&r=g","caption":"Karolina Gelaticova"},"url":"https:\/\/krajinaziva.sk\/en\/author\/karolina\/"}]}},"_links":{"self":[{"href":"https:\/\/krajinaziva.sk\/en\/wp-json\/wp\/v2\/posts\/3848","targetHints":{"allow":["GET"]}}],"collection":[{"href":"https:\/\/krajinaziva.sk\/en\/wp-json\/wp\/v2\/posts"}],"about":[{"href":"https:\/\/krajinaziva.sk\/en\/wp-json\/wp\/v2\/types\/post"}],"author":[{"embeddable":true,"href":"https:\/\/krajinaziva.sk\/en\/wp-json\/wp\/v2\/users\/3"}],"replies":[{"embeddable":true,"href":"https:\/\/krajinaziva.sk\/en\/wp-json\/wp\/v2\/comments?post=3848"}],"version-history":[{"count":4,"href":"https:\/\/krajinaziva.sk\/en\/wp-json\/wp\/v2\/posts\/3848\/revisions"}],"predecessor-version":[{"id":3852,"href":"https:\/\/krajinaziva.sk\/en\/wp-json\/wp\/v2\/posts\/3848\/revisions\/3852"}],"wp:featuredmedia":[{"embeddable":true,"href":"https:\/\/krajinaziva.sk\/en\/wp-json\/wp\/v2\/media\/3801"}],"wp:attachment":[{"href":"https:\/\/krajinaziva.sk\/en\/wp-json\/wp\/v2\/media?parent=3848"}],"wp:term":[{"taxonomy":"category","embeddable":true,"href":"https:\/\/krajinaziva.sk\/en\/wp-json\/wp\/v2\/categories?post=3848"},{"taxonomy":"post_tag","embeddable":true,"href":"https:\/\/krajinaziva.sk\/en\/wp-json\/wp\/v2\/tags?post=3848"},{"taxonomy":"citadela-post-location","embeddable":true,"href":"https:\/\/krajinaziva.sk\/en\/wp-json\/wp\/v2\/citadela-post-location?post=3848"}],"curies":[{"name":"wp","href":"https:\/\/api.w.org\/{rel}","templated":true}]}}