{"id":3793,"date":"2022-06-23T10:55:51","date_gmt":"2022-06-23T08:55:51","guid":{"rendered":"https:\/\/krajinaziva.sk\/?p=3793"},"modified":"2022-11-24T12:25:45","modified_gmt":"2022-11-24T11:25:45","slug":"vegget-microfarm-pestuje-podu","status":"publish","type":"post","link":"https:\/\/krajinaziva.sk\/en\/vegget-microfarm-pestuje-podu\/","title":{"rendered":"Vegget Microfarm pestuje p\u00f4du\u00a0"},"content":{"rendered":"<div data-elementor-type=\"wp-post\" data-elementor-id=\"3793\" class=\"elementor elementor-3793\">\n\t\t\t\t\t\t<section class=\"elementor-section elementor-top-section elementor-element elementor-element-9116810 elementor-section-full_width elementor-section-height-default elementor-section-height-default\" data-id=\"9116810\" data-element_type=\"section\">\n\t\t\t\t\t\t<div class=\"elementor-container elementor-column-gap-default\">\n\t\t\t\t\t<div class=\"elementor-column elementor-col-100 elementor-top-column elementor-element elementor-element-3b2d487 sc_inner_width_none sc_content_align_inherit sc_layouts_column_icons_position_left\" data-id=\"3b2d487\" data-element_type=\"column\">\n\t\t\t<div class=\"elementor-widget-wrap elementor-element-populated\">\n\t\t\t\t\t\t<div class=\"elementor-element elementor-element-aa942a2 sc_fly_static elementor-widget elementor-widget-text-editor\" data-id=\"aa942a2\" data-element_type=\"widget\" data-widget_type=\"text-editor.default\">\n\t\t\t\t<div class=\"elementor-widget-container\">\n\t\t\t\t\t\t\t\t\t<p>Ned\u00e1vno sme s odborn\u00edkmi na r\u00f4zne oblasti nav\u0161t\u00edvili<br \/>viacero fariem, aby sme si pozreli ako hospod\u00e1ria v<br \/>s\u00falade s pr\u00edrodou a biodiverzitou. Radi by sme v\u00e1m ich<br \/>postupne predstavili:\u00a0<br \/><br \/>Vegget microfarm je mal\u00e1 rodinn\u00e1 farma, ktor\u00e1 si v<br \/>bratislavsk\u00fdch Vajnoroch prenajala pol\u00ed\u010dko od miestneho<br \/>dru\u017estva. Do pren\u00e1jmu dostali be\u017en\u00fa orn\u00fa p\u00f4du o v\u00fdmere<br \/>1,3 hekt\u00e1ra, na ktorej od m\u00e1ja 2021 vytv\u00e1raj\u00fa<br \/>regenerat\u00edvnu organick\u00fa farmu. Pestuj\u00fa tu naozaj pestr\u00fa<br \/>paletu zeleniny, byliniek a kvetov. Dbaj\u00fa na dobr\u00fa<br \/>kond\u00edciu p\u00f4dy a bohat\u00fd \u017eivot v nej. Zvykn\u00fa tie\u017e hovori\u0165,<br \/>\u017ee nepestuj\u00fa zeleninu, ale pestuj\u00fa p\u00f4du.\u00a0<br \/>\u00a0<br \/><img fetchpriority=\"high\" decoding=\"async\" class=\"alignnone wp-image-3796 size-large\" src=\"https:\/\/krajinaziva.sk\/wp-content\/uploads\/2022\/11\/1-1024x683.jpg\" alt=\"\" width=\"1024\" height=\"683\" srcset=\"https:\/\/krajinaziva.sk\/wp-content\/uploads\/2022\/11\/1-1024x683.jpg 1024w, https:\/\/krajinaziva.sk\/wp-content\/uploads\/2022\/11\/1-300x200.jpg 300w, https:\/\/krajinaziva.sk\/wp-content\/uploads\/2022\/11\/1-768x512.jpg 768w, https:\/\/krajinaziva.sk\/wp-content\/uploads\/2022\/11\/1-1536x1024.jpg 1536w, https:\/\/krajinaziva.sk\/wp-content\/uploads\/2022\/11\/1-2048x1365.jpg 2048w, https:\/\/krajinaziva.sk\/wp-content\/uploads\/2022\/11\/1-370x247.jpg 370w, https:\/\/krajinaziva.sk\/wp-content\/uploads\/2022\/11\/1-770x513.jpg 770w, https:\/\/krajinaziva.sk\/wp-content\/uploads\/2022\/11\/1-1170x780.jpg 1170w, https:\/\/krajinaziva.sk\/wp-content\/uploads\/2022\/11\/1-scaled.jpg 1920w\" sizes=\"(max-width: 1024px) 100vw, 1024px\" \/><br \/><br \/>Farma funguje na tzv. predplatnom lok\u00e1lnej zeleniny. Ide<br \/>model zn\u00e1my ako CSA (community supported agriculture),<br \/>ktor\u00fd pom\u00e1ha mnoh\u00fdm farm\u00e1m v r\u00e1mci cel\u00e9ho sveta udr\u017ea\u0165<br \/>svoju \u017eivotaschopnos\u0165 aj v n\u00e1ro\u010dnej\u0161\u00edch obdobiach. Ide o<br \/>dohodu medzi pestovate\u013eom a sez\u00f3nnym odberate\u013eom, pri\u010dom<br \/>farma odberate\u013eovi ka\u017ed\u00fd t\u00fd\u017ede\u0148 zabezpe\u010d\u00ed debni\u010dku<br \/>\u010derstvej \u00farody.\u00a0<br \/><br \/><img decoding=\"async\" class=\"alignnone size-large wp-image-3797\" src=\"https:\/\/krajinaziva.sk\/wp-content\/uploads\/2022\/11\/2-1024x683.jpg\" alt=\"\" width=\"1024\" height=\"683\" srcset=\"https:\/\/krajinaziva.sk\/wp-content\/uploads\/2022\/11\/2-1024x683.jpg 1024w, https:\/\/krajinaziva.sk\/wp-content\/uploads\/2022\/11\/2-300x200.jpg 300w, https:\/\/krajinaziva.sk\/wp-content\/uploads\/2022\/11\/2-768x512.jpg 768w, https:\/\/krajinaziva.sk\/wp-content\/uploads\/2022\/11\/2-1536x1024.jpg 1536w, https:\/\/krajinaziva.sk\/wp-content\/uploads\/2022\/11\/2-2048x1365.jpg 2048w, https:\/\/krajinaziva.sk\/wp-content\/uploads\/2022\/11\/2-370x247.jpg 370w, https:\/\/krajinaziva.sk\/wp-content\/uploads\/2022\/11\/2-770x513.jpg 770w, https:\/\/krajinaziva.sk\/wp-content\/uploads\/2022\/11\/2-1170x780.jpg 1170w, https:\/\/krajinaziva.sk\/wp-content\/uploads\/2022\/11\/2-scaled.jpg 1920w\" sizes=\"(max-width: 1024px) 100vw, 1024px\" \/><br \/><br \/>Okrem toho farma Vegget microfarm pon\u00faka svojim<br \/>odberate\u013eom ak n\u00e1vod o tom, na \u010do m\u00f4\u017eu obsah sez\u00f3nnej<br \/>debni\u010dky vyu\u017ei\u0165 a aj recepty na \u010fal\u0161ie spracovanie a<br \/>skladovanie. Takto svoju energiu nemusia po\u010das sez\u00f3ny<br \/>investova\u0165 na pl\u00e1novanie predaja a ostane im priestor na<br \/>organiz\u00e1ciu vzdel\u00e1vac\u00edch aktiv\u00edt. M\u00f4\u017eeme preto poveda\u0165,<br \/>\u017ee ve\u013ek\u00fdm pr\u00ednosom farmy Vegget microfarm je to, \u017ee<br \/>okrem pestovania organickej lok\u00e1lnej zeleniny, sa<br \/>podie\u013eaj\u00fa aj na pre\u00fa\u010dan\u00ed konzumn\u00e9ho spr\u00e1vania<br \/>spotrebite\u013eov a vzdel\u00e1van\u00ed k v\u00e4\u010d\u0161ej udr\u017eate\u013enosti. Za<br \/>n\u00e1s v\u00fdborne!<br \/><br \/><img decoding=\"async\" class=\"alignnone size-large wp-image-3798\" src=\"https:\/\/krajinaziva.sk\/wp-content\/uploads\/2022\/11\/3-1024x683.jpg\" alt=\"\" width=\"1024\" height=\"683\" srcset=\"https:\/\/krajinaziva.sk\/wp-content\/uploads\/2022\/11\/3-1024x683.jpg 1024w, https:\/\/krajinaziva.sk\/wp-content\/uploads\/2022\/11\/3-300x200.jpg 300w, https:\/\/krajinaziva.sk\/wp-content\/uploads\/2022\/11\/3-768x512.jpg 768w, https:\/\/krajinaziva.sk\/wp-content\/uploads\/2022\/11\/3-1536x1024.jpg 1536w, https:\/\/krajinaziva.sk\/wp-content\/uploads\/2022\/11\/3-2048x1365.jpg 2048w, https:\/\/krajinaziva.sk\/wp-content\/uploads\/2022\/11\/3-370x247.jpg 370w, https:\/\/krajinaziva.sk\/wp-content\/uploads\/2022\/11\/3-770x513.jpg 770w, https:\/\/krajinaziva.sk\/wp-content\/uploads\/2022\/11\/3-1170x780.jpg 1170w, https:\/\/krajinaziva.sk\/wp-content\/uploads\/2022\/11\/3-scaled.jpg 1920w\" sizes=\"(max-width: 1024px) 100vw, 1024px\" \/><\/p>\t\t\t\t\t\t\t\t<\/div>\n\t\t\t\t<\/div>\n\t\t\t\t\t<\/div>\n\t\t<\/div>\n\t\t\t\t\t<\/div>\n\t\t<\/section>\n\t\t\t\t<\/div>","protected":false},"excerpt":{"rendered":"<p>Ned\u00e1vno sme s odborn\u00edkmi na r\u00f4zne oblasti nav\u0161t\u00edviliviacero fariem, aby sme si pozreli ako hospod\u00e1ria vs\u00falade s pr\u00edrodou a biodiverzitou. Radi by sme v\u00e1m ichpostupne predstavili:\u00a0 Vegget microfarm je mal\u00e1 rodinn\u00e1 farma, ktor\u00e1&hellip;<\/p>","protected":false},"author":3,"featured_media":3796,"comment_status":"closed","ping_status":"closed","sticky":false,"template":"","format":"standard","meta":{"give_campaign_id":0,"_monsterinsights_skip_tracking":false,"_monsterinsights_sitenote_active":false,"_monsterinsights_sitenote_note":"","_monsterinsights_sitenote_category":0,"footnotes":""},"categories":[83],"tags":[],"citadela-post-location":[],"class_list":["post-3793","post","type-post","status-publish","format-standard","has-post-thumbnail","hentry","category-novinky"],"yoast_head":"<!-- This site is optimized with the Yoast SEO plugin v26.4 - https:\/\/yoast.com\/wordpress\/plugins\/seo\/ -->\n<title>Vegget Microfarm pestuje p\u00f4du\u00a0 - Krajina \u017eiv\u00e1<\/title>\n<meta name=\"robots\" content=\"index, follow, max-snippet:-1, max-image-preview:large, max-video-preview:-1\" \/>\n<link rel=\"canonical\" href=\"https:\/\/krajinaziva.sk\/en\/vegget-microfarm-pestuje-podu\/\" \/>\n<meta property=\"og:locale\" content=\"en_GB\" \/>\n<meta property=\"og:type\" content=\"article\" \/>\n<meta property=\"og:title\" content=\"Vegget Microfarm pestuje p\u00f4du\u00a0 - Krajina \u017eiv\u00e1\" \/>\n<meta property=\"og:description\" content=\"Ned\u00e1vno sme s odborn\u00edkmi na r\u00f4zne oblasti nav\u0161t\u00edviliviacero fariem, aby sme si pozreli ako hospod\u00e1ria vs\u00falade s pr\u00edrodou a biodiverzitou. Radi by sme v\u00e1m ichpostupne predstavili:\u00a0 Vegget microfarm je mal\u00e1 rodinn\u00e1 farma, ktor\u00e1&hellip;\" \/>\n<meta property=\"og:url\" content=\"https:\/\/krajinaziva.sk\/en\/vegget-microfarm-pestuje-podu\/\" \/>\n<meta property=\"og:site_name\" content=\"Krajina \u017eiv\u00e1\" \/>\n<meta property=\"article:published_time\" content=\"2022-06-23T08:55:51+00:00\" \/>\n<meta property=\"article:modified_time\" content=\"2022-11-24T11:25:45+00:00\" \/>\n<meta property=\"og:image\" content=\"https:\/\/krajinaziva.sk\/wp-content\/uploads\/2022\/11\/1-scaled.jpg\" \/>\n\t<meta property=\"og:image:width\" content=\"2560\" \/>\n\t<meta property=\"og:image:height\" content=\"1706\" \/>\n\t<meta property=\"og:image:type\" content=\"image\/jpeg\" \/>\n<meta name=\"author\" content=\"Karolina Gelaticova\" \/>\n<meta name=\"twitter:card\" content=\"summary_large_image\" \/>\n<meta name=\"twitter:label1\" content=\"Written by\" \/>\n\t<meta name=\"twitter:data1\" content=\"Karolina Gelaticova\" \/>\n\t<meta name=\"twitter:label2\" content=\"Estimated reading time\" \/>\n\t<meta name=\"twitter:data2\" content=\"2 minutes\" \/>\n<script type=\"application\/ld+json\" class=\"yoast-schema-graph\">{\"@context\":\"https:\/\/schema.org\",\"@graph\":[{\"@type\":\"Article\",\"@id\":\"https:\/\/krajinaziva.sk\/vegget-microfarm-pestuje-podu\/#article\",\"isPartOf\":{\"@id\":\"https:\/\/krajinaziva.sk\/vegget-microfarm-pestuje-podu\/\"},\"author\":{\"name\":\"Karolina Gelaticova\",\"@id\":\"https:\/\/krajinaziva.sk\/#\/schema\/person\/00c3a09dde5e5ed5fd572f7e624b395d\"},\"headline\":\"Vegget Microfarm pestuje p\u00f4du\u00a0\",\"datePublished\":\"2022-06-23T08:55:51+00:00\",\"dateModified\":\"2022-11-24T11:25:45+00:00\",\"mainEntityOfPage\":{\"@id\":\"https:\/\/krajinaziva.sk\/vegget-microfarm-pestuje-podu\/\"},\"wordCount\":276,\"publisher\":{\"@id\":\"https:\/\/krajinaziva.sk\/#organization\"},\"image\":{\"@id\":\"https:\/\/krajinaziva.sk\/vegget-microfarm-pestuje-podu\/#primaryimage\"},\"thumbnailUrl\":\"https:\/\/krajinaziva.sk\/wp-content\/uploads\/2022\/11\/1-scaled.jpg\",\"articleSection\":[\"Novinky\"],\"inLanguage\":\"en-GB\"},{\"@type\":\"WebPage\",\"@id\":\"https:\/\/krajinaziva.sk\/vegget-microfarm-pestuje-podu\/\",\"url\":\"https:\/\/krajinaziva.sk\/vegget-microfarm-pestuje-podu\/\",\"name\":\"Vegget Microfarm pestuje p\u00f4du\u00a0 - Krajina \u017eiv\u00e1\",\"isPartOf\":{\"@id\":\"https:\/\/krajinaziva.sk\/#website\"},\"primaryImageOfPage\":{\"@id\":\"https:\/\/krajinaziva.sk\/vegget-microfarm-pestuje-podu\/#primaryimage\"},\"image\":{\"@id\":\"https:\/\/krajinaziva.sk\/vegget-microfarm-pestuje-podu\/#primaryimage\"},\"thumbnailUrl\":\"https:\/\/krajinaziva.sk\/wp-content\/uploads\/2022\/11\/1-scaled.jpg\",\"datePublished\":\"2022-06-23T08:55:51+00:00\",\"dateModified\":\"2022-11-24T11:25:45+00:00\",\"breadcrumb\":{\"@id\":\"https:\/\/krajinaziva.sk\/vegget-microfarm-pestuje-podu\/#breadcrumb\"},\"inLanguage\":\"en-GB\",\"potentialAction\":[{\"@type\":\"ReadAction\",\"target\":[\"https:\/\/krajinaziva.sk\/vegget-microfarm-pestuje-podu\/\"]}]},{\"@type\":\"ImageObject\",\"inLanguage\":\"en-GB\",\"@id\":\"https:\/\/krajinaziva.sk\/vegget-microfarm-pestuje-podu\/#primaryimage\",\"url\":\"https:\/\/krajinaziva.sk\/wp-content\/uploads\/2022\/11\/1-scaled.jpg\",\"contentUrl\":\"https:\/\/krajinaziva.sk\/wp-content\/uploads\/2022\/11\/1-scaled.jpg\",\"width\":1920,\"height\":1280},{\"@type\":\"BreadcrumbList\",\"@id\":\"https:\/\/krajinaziva.sk\/vegget-microfarm-pestuje-podu\/#breadcrumb\",\"itemListElement\":[{\"@type\":\"ListItem\",\"position\":1,\"name\":\"Home\",\"item\":\"https:\/\/krajinaziva.sk\/\"},{\"@type\":\"ListItem\",\"position\":2,\"name\":\"Vegget Microfarm pestuje p\u00f4du\u00a0\"}]},{\"@type\":\"WebSite\",\"@id\":\"https:\/\/krajinaziva.sk\/#website\",\"url\":\"https:\/\/krajinaziva.sk\/\",\"name\":\"Krajina \u017eiv\u00e1\",\"description\":\"\u017div\u00e1 krajina prin\u00e1\u0161a hojnos\u0165 pre v\u0161etk\u00fdch\",\"publisher\":{\"@id\":\"https:\/\/krajinaziva.sk\/#organization\"},\"potentialAction\":[{\"@type\":\"SearchAction\",\"target\":{\"@type\":\"EntryPoint\",\"urlTemplate\":\"https:\/\/krajinaziva.sk\/?s={search_term_string}\"},\"query-input\":{\"@type\":\"PropertyValueSpecification\",\"valueRequired\":true,\"valueName\":\"search_term_string\"}}],\"inLanguage\":\"en-GB\"},{\"@type\":\"Organization\",\"@id\":\"https:\/\/krajinaziva.sk\/#organization\",\"name\":\"Krajina \u017eiv\u00e1\",\"url\":\"https:\/\/krajinaziva.sk\/\",\"logo\":{\"@type\":\"ImageObject\",\"inLanguage\":\"en-GB\",\"@id\":\"https:\/\/krajinaziva.sk\/#\/schema\/logo\/image\/\",\"url\":\"https:\/\/krajinaziva.sk\/wp-content\/uploads\/2026\/02\/2206_14_BROZ_Ktajina-ziva_1-43-2-1.png\",\"contentUrl\":\"https:\/\/krajinaziva.sk\/wp-content\/uploads\/2026\/02\/2206_14_BROZ_Ktajina-ziva_1-43-2-1.png\",\"width\":1080,\"height\":1080,\"caption\":\"Krajina \u017eiv\u00e1\"},\"image\":{\"@id\":\"https:\/\/krajinaziva.sk\/#\/schema\/logo\/image\/\"}},{\"@type\":\"Person\",\"@id\":\"https:\/\/krajinaziva.sk\/#\/schema\/person\/00c3a09dde5e5ed5fd572f7e624b395d\",\"name\":\"Karolina Gelaticova\",\"image\":{\"@type\":\"ImageObject\",\"inLanguage\":\"en-GB\",\"@id\":\"https:\/\/krajinaziva.sk\/#\/schema\/person\/image\/\",\"url\":\"https:\/\/secure.gravatar.com\/avatar\/8f5a33a1d334e7c538bde8882d8f94013cdad5d9691571ac8e7ac1a97352032d?s=96&d=mm&r=g\",\"contentUrl\":\"https:\/\/secure.gravatar.com\/avatar\/8f5a33a1d334e7c538bde8882d8f94013cdad5d9691571ac8e7ac1a97352032d?s=96&d=mm&r=g\",\"caption\":\"Karolina Gelaticova\"},\"url\":\"https:\/\/krajinaziva.sk\/en\/author\/karolina\/\"}]}<\/script>\n<!-- \/ Yoast SEO plugin. -->","yoast_head_json":{"title":"Vegget Microfarm pestuje p\u00f4du\u00a0 - Krajina \u017eiv\u00e1","robots":{"index":"index","follow":"follow","max-snippet":"max-snippet:-1","max-image-preview":"max-image-preview:large","max-video-preview":"max-video-preview:-1"},"canonical":"https:\/\/krajinaziva.sk\/en\/vegget-microfarm-pestuje-podu\/","og_locale":"en_GB","og_type":"article","og_title":"Vegget Microfarm pestuje p\u00f4du\u00a0 - Krajina \u017eiv\u00e1","og_description":"Ned\u00e1vno sme s odborn\u00edkmi na r\u00f4zne oblasti nav\u0161t\u00edviliviacero fariem, aby sme si pozreli ako hospod\u00e1ria vs\u00falade s pr\u00edrodou a biodiverzitou. Radi by sme v\u00e1m ichpostupne predstavili:\u00a0 Vegget microfarm je mal\u00e1 rodinn\u00e1 farma, ktor\u00e1&hellip;","og_url":"https:\/\/krajinaziva.sk\/en\/vegget-microfarm-pestuje-podu\/","og_site_name":"Krajina \u017eiv\u00e1","article_published_time":"2022-06-23T08:55:51+00:00","article_modified_time":"2022-11-24T11:25:45+00:00","og_image":[{"width":2560,"height":1706,"url":"https:\/\/krajinaziva.sk\/wp-content\/uploads\/2022\/11\/1-scaled.jpg","type":"image\/jpeg"}],"author":"Karolina Gelaticova","twitter_card":"summary_large_image","twitter_misc":{"Written by":"Karolina Gelaticova","Estimated reading time":"2 minutes"},"schema":{"@context":"https:\/\/schema.org","@graph":[{"@type":"Article","@id":"https:\/\/krajinaziva.sk\/vegget-microfarm-pestuje-podu\/#article","isPartOf":{"@id":"https:\/\/krajinaziva.sk\/vegget-microfarm-pestuje-podu\/"},"author":{"name":"Karolina Gelaticova","@id":"https:\/\/krajinaziva.sk\/#\/schema\/person\/00c3a09dde5e5ed5fd572f7e624b395d"},"headline":"Vegget Microfarm pestuje p\u00f4du\u00a0","datePublished":"2022-06-23T08:55:51+00:00","dateModified":"2022-11-24T11:25:45+00:00","mainEntityOfPage":{"@id":"https:\/\/krajinaziva.sk\/vegget-microfarm-pestuje-podu\/"},"wordCount":276,"publisher":{"@id":"https:\/\/krajinaziva.sk\/#organization"},"image":{"@id":"https:\/\/krajinaziva.sk\/vegget-microfarm-pestuje-podu\/#primaryimage"},"thumbnailUrl":"https:\/\/krajinaziva.sk\/wp-content\/uploads\/2022\/11\/1-scaled.jpg","articleSection":["Novinky"],"inLanguage":"en-GB"},{"@type":"WebPage","@id":"https:\/\/krajinaziva.sk\/vegget-microfarm-pestuje-podu\/","url":"https:\/\/krajinaziva.sk\/vegget-microfarm-pestuje-podu\/","name":"Vegget Microfarm pestuje p\u00f4du\u00a0 - Krajina \u017eiv\u00e1","isPartOf":{"@id":"https:\/\/krajinaziva.sk\/#website"},"primaryImageOfPage":{"@id":"https:\/\/krajinaziva.sk\/vegget-microfarm-pestuje-podu\/#primaryimage"},"image":{"@id":"https:\/\/krajinaziva.sk\/vegget-microfarm-pestuje-podu\/#primaryimage"},"thumbnailUrl":"https:\/\/krajinaziva.sk\/wp-content\/uploads\/2022\/11\/1-scaled.jpg","datePublished":"2022-06-23T08:55:51+00:00","dateModified":"2022-11-24T11:25:45+00:00","breadcrumb":{"@id":"https:\/\/krajinaziva.sk\/vegget-microfarm-pestuje-podu\/#breadcrumb"},"inLanguage":"en-GB","potentialAction":[{"@type":"ReadAction","target":["https:\/\/krajinaziva.sk\/vegget-microfarm-pestuje-podu\/"]}]},{"@type":"ImageObject","inLanguage":"en-GB","@id":"https:\/\/krajinaziva.sk\/vegget-microfarm-pestuje-podu\/#primaryimage","url":"https:\/\/krajinaziva.sk\/wp-content\/uploads\/2022\/11\/1-scaled.jpg","contentUrl":"https:\/\/krajinaziva.sk\/wp-content\/uploads\/2022\/11\/1-scaled.jpg","width":1920,"height":1280},{"@type":"BreadcrumbList","@id":"https:\/\/krajinaziva.sk\/vegget-microfarm-pestuje-podu\/#breadcrumb","itemListElement":[{"@type":"ListItem","position":1,"name":"Home","item":"https:\/\/krajinaziva.sk\/"},{"@type":"ListItem","position":2,"name":"Vegget Microfarm pestuje p\u00f4du\u00a0"}]},{"@type":"WebSite","@id":"https:\/\/krajinaziva.sk\/#website","url":"https:\/\/krajinaziva.sk\/","name":"Living landscape","description":"A living landscape brings wealth for all","publisher":{"@id":"https:\/\/krajinaziva.sk\/#organization"},"potentialAction":[{"@type":"SearchAction","target":{"@type":"EntryPoint","urlTemplate":"https:\/\/krajinaziva.sk\/?s={search_term_string}"},"query-input":{"@type":"PropertyValueSpecification","valueRequired":true,"valueName":"search_term_string"}}],"inLanguage":"en-GB"},{"@type":"Organization","@id":"https:\/\/krajinaziva.sk\/#organization","name":"Living landscape","url":"https:\/\/krajinaziva.sk\/","logo":{"@type":"ImageObject","inLanguage":"en-GB","@id":"https:\/\/krajinaziva.sk\/#\/schema\/logo\/image\/","url":"https:\/\/krajinaziva.sk\/wp-content\/uploads\/2026\/02\/2206_14_BROZ_Ktajina-ziva_1-43-2-1.png","contentUrl":"https:\/\/krajinaziva.sk\/wp-content\/uploads\/2026\/02\/2206_14_BROZ_Ktajina-ziva_1-43-2-1.png","width":1080,"height":1080,"caption":"Krajina \u017eiv\u00e1"},"image":{"@id":"https:\/\/krajinaziva.sk\/#\/schema\/logo\/image\/"}},{"@type":"Person","@id":"https:\/\/krajinaziva.sk\/#\/schema\/person\/00c3a09dde5e5ed5fd572f7e624b395d","name":"Karolina Gelaticova","image":{"@type":"ImageObject","inLanguage":"en-GB","@id":"https:\/\/krajinaziva.sk\/#\/schema\/person\/image\/","url":"https:\/\/secure.gravatar.com\/avatar\/8f5a33a1d334e7c538bde8882d8f94013cdad5d9691571ac8e7ac1a97352032d?s=96&d=mm&r=g","contentUrl":"https:\/\/secure.gravatar.com\/avatar\/8f5a33a1d334e7c538bde8882d8f94013cdad5d9691571ac8e7ac1a97352032d?s=96&d=mm&r=g","caption":"Karolina Gelaticova"},"url":"https:\/\/krajinaziva.sk\/en\/author\/karolina\/"}]}},"_links":{"self":[{"href":"https:\/\/krajinaziva.sk\/en\/wp-json\/wp\/v2\/posts\/3793","targetHints":{"allow":["GET"]}}],"collection":[{"href":"https:\/\/krajinaziva.sk\/en\/wp-json\/wp\/v2\/posts"}],"about":[{"href":"https:\/\/krajinaziva.sk\/en\/wp-json\/wp\/v2\/types\/post"}],"author":[{"embeddable":true,"href":"https:\/\/krajinaziva.sk\/en\/wp-json\/wp\/v2\/users\/3"}],"replies":[{"embeddable":true,"href":"https:\/\/krajinaziva.sk\/en\/wp-json\/wp\/v2\/comments?post=3793"}],"version-history":[{"count":6,"href":"https:\/\/krajinaziva.sk\/en\/wp-json\/wp\/v2\/posts\/3793\/revisions"}],"predecessor-version":[{"id":3830,"href":"https:\/\/krajinaziva.sk\/en\/wp-json\/wp\/v2\/posts\/3793\/revisions\/3830"}],"wp:featuredmedia":[{"embeddable":true,"href":"https:\/\/krajinaziva.sk\/en\/wp-json\/wp\/v2\/media\/3796"}],"wp:attachment":[{"href":"https:\/\/krajinaziva.sk\/en\/wp-json\/wp\/v2\/media?parent=3793"}],"wp:term":[{"taxonomy":"category","embeddable":true,"href":"https:\/\/krajinaziva.sk\/en\/wp-json\/wp\/v2\/categories?post=3793"},{"taxonomy":"post_tag","embeddable":true,"href":"https:\/\/krajinaziva.sk\/en\/wp-json\/wp\/v2\/tags?post=3793"},{"taxonomy":"citadela-post-location","embeddable":true,"href":"https:\/\/krajinaziva.sk\/en\/wp-json\/wp\/v2\/citadela-post-location?post=3793"}],"curies":[{"name":"wp","href":"https:\/\/api.w.org\/{rel}","templated":true}]}}